{"id":862,"date":"2021-07-28T11:49:17","date_gmt":"2021-07-28T11:49:17","guid":{"rendered":"http:\/\/mellettedvagyok.hu\/?p=862"},"modified":"2021-07-28T21:08:50","modified_gmt":"2021-07-28T21:08:50","slug":"a-megmondok-a-keretlen-tanacsokat-osztogatok-es-az-okoskodok","status":"publish","type":"post","link":"https:\/\/mellettedvagyok.hu\/index.php\/2021\/07\/28\/a-megmondok-a-keretlen-tanacsokat-osztogatok-es-az-okoskodok\/","title":{"rendered":"A megmond\u00f3k, a k\u00e9retlen tan\u00e1csokat osztogat\u00f3k \u00e9s az okoskod\u00f3k"},"content":{"rendered":"<p>Mindent pontosan \u00e9s t\u00e9vedhetetlen\u00fcl tudnak. Mindent \u00e9rtenek, \u00e9s j\u00f3l gondolnak. A hiba lehet\u0151s\u00e9g\u00e9t kiz\u00e1rj\u00e1k. Azon fel\u00fcl pedig hogy mindenhez is \u00e9rtenek, ezt m\u00e9g ny\u00edltan ki is fejezik, ellentmond\u00e1st nem t\u0171r\u0151n. Semmif\u00e9le ellenkez\u00e9st nem viselnek el. Ez\u00e9rt alap attit\u0171dj\u00fckh\u00f6z tartozik az agresszivit\u00e1s, a r\u00e1men\u0151ss\u00e9g, \u00e9s a fels\u0151bbrend\u0171s\u00e9g. A kommunik\u00e1ci\u00f3ban ir\u00e1ny\u00edt\u00f3k, \u0151k azok, akikhez elm\u00e9sz a saj\u00e1t v\u00e9lem\u00e9nyeddel, \u00e9s elj\u00f6ssz az \u00f6v\u00e9kkel. Mert lehengerl\u0151 st\u00edlusuk hat\u00e1ssal lesz r\u00e1d. N\u00e9ha megsemmis\u00edt\u0151 m\u00f3don.<\/p>\n<p>Ha valaki hib\u00e1zik a k\u00f6rnyezet\u00fckben, vagy \u00e9pp m\u00e1shogy gondolkodik, azt j\u00f3l kiosztj\u00e1k, vagy \u00e9pp k\u00e9retlen tan\u00e1ccsal l\u00e1tj\u00e1k el. Mert kend\u0151zetlen\u00fcl sulykolj\u00e1k a m\u00e1sik emberbe, hogy mit kellene tenni\u00fck abban a helyzetben, amiben \u00e9pp vannak. Mindezt \u00fagy, hogy nem l\u00e1tnak bele a motiv\u00e1ci\u00f3j\u00e1ba, nem \u00e9rtik az \u00e9rzelmi m\u0171k\u00f6d\u00e9s\u00e9nek okait, de ez igaz\u00e1b\u00f3l nem is \u00e9rdekli \u0151ket. Viszont v\u00e9lem\u00e9ny\u00fcket k\u00f6zvet\u00edtve azt sugalmazz\u00e1k, hogyha a m\u00e1sik nem \u00fagy d\u00f6nt, ahogy \u0151k azt megmondt\u00e1k, akkor minimum \u00e9rezze mag\u00e1t h\u00fcly\u00e9nek. Vannak olyanok, akik ezt kedvess\u00e9gnek, ny\u00e1jass\u00e1gnak \u00e1lc\u00e1zz\u00e1k, viszont a hat\u00e1sa ugyanaz. \u00d6nbizalmat rombol, b\u0171ntudatot \u00e9breszt. Mert n\u00e9ha a k\u00e9retlen besz\u00f3logat\u00f3 nem a viselked\u00e9st kritiz\u00e1lja, hanem mag\u00e1t az embert. A seg\u00edt\u0151 sz\u00e1nd\u00e9knak \u00e1lc\u00e1zott j\u00f3tan\u00e1cs nem el\u0151re visz, hanem h\u00e1tr\u00e1ltat a probl\u00e9ma megold\u00e1s\u00e1ban. A sz\u00e1nd\u00e9k kommunik\u00e1ci\u00f3s retorik\u00e1ja sokf\u00e9le lehet ezen k\u00edv\u00fcl, h\u00edzelg\u0151, vagy agg\u00f3d\u00f3, ak\u00e1r seg\u00edt\u0151 sz\u00e1nd\u00e9k\u00fa. De minden esetben kritika, kioktat\u00e1s, min\u0151s\u00edt\u00e9s, \u00e9s ez a l\u00e9nyeg. Mindegy milyen a csomagol\u00f3pap\u00edr, a tartalom ugyanaz, \u00e9s ugyanazt a hat\u00e1st is kelti. A c\u00e9lozgat\u00e1saikkal a m\u00e1sik ember \u00e9n-hat\u00e1rait s\u00e9rtik, akinek az \u00e9let\u00e9be g\u00e1zolnak bele, \u00e9s \u00fagy gyalogolnak \u00e1t gyakran a lelk\u00e9n, hogy a maguk m\u00f6g\u00f6tt hagyott orm\u00f3tlan l\u00e1bnyomaikkal mit sem foglalkoznak.<\/p>\n<p>Ha t\u00e9nyleg a j\u00f3indulat hajtan\u00e1 \u0151ket, akkor megv\u00e1rn\u00e1k a seg\u00edts\u00e9gk\u00e9r\u00e9st, vagy meghallan\u00e1k, hogy a m\u00e1sik embernek \u00e9pp mire van sz\u00fcks\u00e9ge, \u00e9s aszerint reag\u00e1ln\u00e1nak az ig\u00e9nyeire. Ha m\u00e1r seg\u00edteni akarnak.<\/p>\n<p>Az \u00e9sz\u00e9rveknek helye nincs a vel\u00fck val\u00f3 kommunik\u00e1ci\u00f3ban. Igaz\u00e1b\u00f3l az ego hajtja \u0151ket, mert sz\u00e1mukra az \u00e9rv\u00e9nyes\u00fcl\u00e9s\u00fck egyet jelent m\u00e1sok ledorongol\u00e1s\u00e1val, elnyom\u00e1s\u00e1val. Aki saj\u00e1t igaz\u00e1t nyomatja, az l\u00e1tsz\u00f3lag magabiztos csak, bel\u00fcl f\u00e9l att\u00f3l, hogy kider\u00fcl, hogy egy\u00e1ltal\u00e1n nem olyan fantasztikus, mint amilyennek mutatja mag\u00e1t. Mert bel\u00fclr\u0151l bizonytalan, \u00f6nbizalom hi\u00e1nyos. Ez persze nem menti fel az al\u00f3l, hogy m\u00e1s emberek \u00e9let\u00e9be kont\u00e1rkodjon.<\/p>\n<p>A rosszindulat\u00fa megmond\u00f3k ny\u00edltan odamondanak, nem foglalkozva a k\u00f6vetkezm\u00e9nyekkel. Emp\u00e1ti\u00e1t nem ismernek. A k\u00f6z\u00f6ss\u00e9gi port\u00e1lok fel\u00fcletei ennek nagyon j\u00f3 terepet biztos\u00edtanak sz\u00e1mukra. Ott lehet gyal\u00e1zkodni, bele\u00e1llni a t\u00f6bbiekbe, min\u0151s\u00edteni, kritiz\u00e1lni, megal\u00e1zni, f\u00f6l\u00e9nyeskedni. El\u00e9g csak beleolvasni kommentjeikbe, megn\u00e9zni azok st\u00edlus\u00e1t. M\u00e9g az sem tart vissza embereket a saj\u00e1t maguk lej\u00e1rat\u00e1s\u00e1t\u00f3l, hogy az arcukat adj\u00e1k hozz\u00e1. Jogot form\u00e1lnak ahhoz, hogy m\u00e1st b\u00e1ntsanak.<\/p>\n<p>A minap att\u00f3l volt hangos a m\u00e9dia, hogy egy &#8211; az asztalra m\u00e1r sokat letett &#8211; sportol\u00f3nk visszal\u00e9pett egy olimpiai versenysz\u00e1mt\u00f3l. Megmond\u00f3 emberek hada vetette r\u00e1 mag\u00e1t a h\u00edrre, \u00e9s a t\u00f6bb ezer komment nagy r\u00e9sze mindennek nevezhet\u0151, csak j\u00f3indulat\u00fanak nem. Kocsm\u00e1ba ill\u0151 st\u00edlusuk pedig m\u00e9g besz\u00e9desebb. Mert hirtelen mindenki avatott hozz\u00e1\u00e9rt\u0151 lett. A sz\u00ednfalak m\u00f6g\u00e9 ugyan senki nem l\u00e1t. Nem tudhatj\u00e1k mi t\u00f6rt\u00e9nt, mi zajlott ott. De ett\u0151l f\u00fcggetlen\u00fcl ellens\u00e9geskednek, besz\u00f3lnak, \u00f3cs\u00e1rolj\u00e1k azt, aki m\u00e1r bizony\u00edtott. Aki m\u00e1r f\u00e9nyes\u00edtette haz\u00e1nk presztizs\u00e9t.<\/p>\n<p>De \u00e9pp ilyen vehemenci\u00e1val vetik r\u00e1 magukat egy-egy megoszt\u00f3 posztra, vagy egy olyan \u00edr\u00e1sra, ami egy ismert szem\u00e9lyis\u00e9gr\u0151l sz\u00f3l.<\/p>\n<p>Elk\u00e9pzelhet\u0151, mi van a lelk\u00fckben, ha att\u00f3l \u00e9rzik jobban magukat, hogy valakinek besz\u00f3lnak, hogy nevets\u00e9gess\u00e9 teszik, kritiz\u00e1lj\u00e1k, \u00f3cs\u00e1rolj\u00e1k. Mennyi elfojt\u00e1s, f\u00e9lelem, harag \u00e9s gy\u0171l\u00f6lk\u00f6d\u00e9s uralhatja lelk\u00fcket. Milyen sok ki nem mondott v\u00e1gy fesz\u00fclhet benn\u00fck. Ezt a fortyog\u00f3 l\u00e1vak\u00e9nt duzzad\u00f3 indulatot pedig ki kell l\u00f6kni magukb\u00f3l, meg kell szabadulni t\u0151le, mert annyira fesz\u00edt. \u00cdgy azokon verik el a port, akik nincsenek olyan helyzetben, hogy megv\u00e9dj\u00e9k magukat. Vagy gyeng\u00e9bbek, kiszolg\u00e1ltatottabbak. Esetleg nem tudnak visszav\u00e1gni. Vagy csak vannak m\u00e1r annyira edzettek, er\u0151sek, vagy b\u00f6lcsek, hogy nem is akarnak. Mert v\u00e9g\u00fcl is t\u00e9nyleg nem az sz\u00e1m\u00edt, hogy mit mondanak\u2026<\/p>\n<p>Ezeket az embereket jobb ker\u00fclni, de legal\u00e1bbis vel\u00fck szemben az \u00e9n-hat\u00e1rainkat mark\u00e1nsan megh\u00fazni, \u00e9s ny\u00edltan kifejez\u00e9sre is juttatni azt. A k\u00e9retlen tan\u00e1csokat \u2013 b\u00e1rmilyen form\u00e1j\u00e1ban \u2013 sem kell elfogadnunk. A saj\u00e1t lelki egyens\u00falyunk meg\u0151rz\u00e9s\u00e9hez hozz\u00e1tartozik, hogy megsz\u0171rj\u00fck a k\u00fclvil\u00e1g fel\u0151l \u00e9rkez\u0151 impulzusokat, \u00e9s nem engedj\u00fck \u00e1t \u00f6nv\u00e9delmi rendszer\u00fcnk\u00f6n a sz\u00e1munkra nem hasznosakat, a leh\u00faz\u00f3kt\u00f3l pedig \u00e9lesen elhat\u00e1rol\u00f3dunk. Rajtunk k\u00edv\u00fcl senki m\u00e1s nem tudhatja, hogy mi mozgatja \u00e9rzelmeinket, \u00e9s ez\u00e1ltal mindennapi m\u0171k\u00f6d\u00e9s\u00fcnket, \u00e9s ez\u00e9rt azt sem, hogy mi tenne j\u00f3t nek\u00fcnk. N\u00e9ha a veszt\u00fcnkbe rohanunk, vagy a j\u00f3zan \u00e9sszel pont ellent\u00e9tesen d\u00f6nt\u00fcnk. Azonban nem kell, hogy ett\u0151l megv\u00e9djen b\u00e1rki is. Mert lehet, hogy \u00e9pp a megfontolts\u00e1got kell megtanulnunk \u00e1ltala. J\u00f3, ha a d\u00f6nt\u00e9seinket saj\u00e1t magunk hozzuk meg mindenf\u00e9le k\u00fcls\u0151 okoskod\u00e1sokt\u00f3l mentesen. Senkinek nem kell megengedn\u00fcnk, hogy ak\u00e1r sz\u00ednes szagos csomagol\u00f3pap\u00edrba bebugyol\u00e1lt tan\u00e1csokat osztogasson nek\u00fcnk. Vagy kioktasson. A mi \u00e9let\u00fcnk a mi felel\u0151ss\u00e9g\u00fcnk.<\/p>\n<p>A v\u00e9lem\u00e9ny\u00fcnk pedig ugyanannyit \u00e9r, mint b\u00e1rki m\u00e1s\u00e9. M\u00e9g akkor is, ha azt csak csendesen osztjuk meg egy bar\u00e1ti t\u00e1rsas\u00e1gban, \u00e9s nem fennhangon nyomasztjuk vele k\u00f6rnyezet\u00fcnket k\u00e9retlen\u00fcl.<\/p>\n<p><em>Ha hasznosnak \u00e9rzed ezt az \u00edr\u00e1st, k\u00e9rlek seg\u00edts m\u00e1sokhoz is eljuttatni megoszt\u00e1ssal.<\/em><\/p>\n","protected":false},"excerpt":{"rendered":"<p>Mindent pontosan \u00e9s t\u00e9vedhetetlen\u00fcl tudnak. Mindent \u00e9rtenek, \u00e9s j\u00f3l gondolnak. A hiba lehet\u0151s\u00e9g\u00e9t kiz\u00e1rj\u00e1k. Azon fel\u00fcl pedig hogy mindenhez is \u00e9rtenek, ezt m\u00e9g ny\u00edltan ki is fejezik, ellentmond\u00e1st nem t\u0171r\u0151n. Semmif\u00e9le ellenkez\u00e9st nem viselnek el. Ez\u00e9rt alap attit\u0171dj\u00fckh\u00f6z tartozik az agresszivit\u00e1s, a r\u00e1men\u0151ss\u00e9g, \u00e9s a fels\u0151bbrend\u0171s\u00e9g. A kommunik\u00e1ci\u00f3ban ir\u00e1ny\u00edt\u00f3k, \u0151k azok, akikhez elm\u00e9sz a saj\u00e1t [&hellip;]<\/p>\n","protected":false},"author":3,"featured_media":863,"comment_status":"open","ping_status":"closed","sticky":false,"template":"","format":"standard","meta":{"_monsterinsights_skip_tracking":false,"_monsterinsights_sitenote_active":false,"_monsterinsights_sitenote_note":"","_monsterinsights_sitenote_category":0},"categories":[19,10],"tags":[],"_links":{"self":[{"href":"https:\/\/mellettedvagyok.hu\/index.php\/wp-json\/wp\/v2\/posts\/862"}],"collection":[{"href":"https:\/\/mellettedvagyok.hu\/index.php\/wp-json\/wp\/v2\/posts"}],"about":[{"href":"https:\/\/mellettedvagyok.hu\/index.php\/wp-json\/wp\/v2\/types\/post"}],"author":[{"embeddable":true,"href":"https:\/\/mellettedvagyok.hu\/index.php\/wp-json\/wp\/v2\/users\/3"}],"replies":[{"embeddable":true,"href":"https:\/\/mellettedvagyok.hu\/index.php\/wp-json\/wp\/v2\/comments?post=862"}],"version-history":[{"count":16,"href":"https:\/\/mellettedvagyok.hu\/index.php\/wp-json\/wp\/v2\/posts\/862\/revisions"}],"predecessor-version":[{"id":894,"href":"https:\/\/mellettedvagyok.hu\/index.php\/wp-json\/wp\/v2\/posts\/862\/revisions\/894"}],"wp:featuredmedia":[{"embeddable":true,"href":"https:\/\/mellettedvagyok.hu\/index.php\/wp-json\/wp\/v2\/media\/863"}],"wp:attachment":[{"href":"https:\/\/mellettedvagyok.hu\/index.php\/wp-json\/wp\/v2\/media?parent=862"}],"wp:term":[{"taxonomy":"category","embeddable":true,"href":"https:\/\/mellettedvagyok.hu\/index.php\/wp-json\/wp\/v2\/categories?post=862"},{"taxonomy":"post_tag","embeddable":true,"href":"https:\/\/mellettedvagyok.hu\/index.php\/wp-json\/wp\/v2\/tags?post=862"}],"curies":[{"name":"wp","href":"https:\/\/api.w.org\/{rel}","templated":true}]}}