{"id":809,"date":"2021-07-04T13:57:45","date_gmt":"2021-07-04T13:57:45","guid":{"rendered":"http:\/\/mellettedvagyok.hu\/?p=809"},"modified":"2021-07-04T16:11:40","modified_gmt":"2021-07-04T16:11:40","slug":"az-elfeledhetetlenek","status":"publish","type":"post","link":"https:\/\/mellettedvagyok.hu\/index.php\/2021\/07\/04\/az-elfeledhetetlenek\/","title":{"rendered":"Az elfeledhetetlenek"},"content":{"rendered":"<p>A legt\u00f6bb f\u00e9rfi \u00e9s n\u0151 \u00e9let\u00e9ben van olyan ember, akit nem tud elfelejteni. Aki ott van sz\u00edve minden dobban\u00e1s\u00e1ban, sok-sok \u00e1lm\u00e1ban, gondolataiban. Akkor is, ha m\u00e1r r\u00e9g megsz\u0171nt vele a kapcsolat. T\u00f6bbnyire m\u00faltj\u00e1nak egy szerepl\u0151je, akihez \u00fagy tudott kapcsol\u00f3dni, k\u00f6t\u0151dni, ahogy senki m\u00e1shoz. M\u00e9gsem bontakozhatott ki igaz\u00e1n kettej\u00fck rom\u00e1nca. Ett\u0151l f\u00fcggetlen\u00fcl megtal\u00e1lhatj\u00e1k a p\u00e1rjukat, tov\u00e1bb l\u00e9phetnek, m\u00e9gis a legv\u00e1ratlanabb pillanatban bukkanhat fel az az \u00e9rzelmi foszl\u00e1ny, ami sz\u00e9tgubancolhatatlanul gabalyodott lelk\u00fckbe. Sokan ezt karmikus kapcsol\u00f3d\u00e1snak nevezik.<\/p>\n<p>Igen gyakran f\u00e1jdalmas tapasztal\u00e1sokat hordoz mag\u00e1ban egy ilyen kapcsolat. Mert hi\u00e1ba a m\u00e9ly k\u00f6t\u0151d\u00e9s, ha hi\u00e1nyzik a szinkron. Ha nem egyszerre \u00e9s azonos intenzit\u00e1ssal \u00e9lte meg a k\u00e9t ember az \u00e9rzelmi hull\u00e1mz\u00e1st. Vagy elt\u00e9r\u0151ek voltak a c\u00e9ljaik, esetleg m\u00faltbeli \u00e9rzelmi s\u00e9r\u00fcl\u00e9seik g\u00e1tolt\u00e1k tudattalanul a kibontakoz\u00e1st. S tal\u00e1n \u00e9pp val\u00f3di beteljes\u00fcletlens\u00e9ge ok\u00e1n v\u00e1lt meghat\u00e1roz\u00f3v\u00e1.<\/p>\n<p>Ha ilyet \u00e1t\u00e9lt\u00e9l, akkor a hi\u00e1nya m\u00e9g j\u00f3 ideig benned van, a fejedben visszhangozhatnak elhangzott mondataitok, \u00e9s m\u00e9g b\u00e1nthat a m\u00falt f\u00e1jdalma, az a helyzet, amiben benne tartott\u00e1tok magatokat. J\u00f6n a tagad\u00e1s, a harag, az \u00f6nv\u00e1d, a gy\u00e1sz minden gy\u00f6trelmes \u00e1llom\u00e1sa, ami hossz\u00fa id\u0151n kereszt\u00fcl nem hagy tov\u00e1bb l\u00e9pni. Ez pedig nem a sz\u00e1nd\u00e9kon m\u00falik, hanem a l\u00e9lekben l\u00fcktet\u0151 eleven seb nem hagyja. K\u00f6zben v\u00e1laszokat keresel, szorongsz, nem \u00e9rted az okokat, \u00e9s nem akarod elfogadni, meg\u00e9rteni, hogy mi\u00e9rt nem lehet valami egyszer\u0171, ha m\u00f6g\u00f6tte m\u00e9ly \u00e9rz\u00e9sek vannak. Egy ilyen helyzetben a legt\u00f6bb ember nem gondol arra, hogy az er\u0151s elakad\u00e1sok, hitek, blokkok azok, amik g\u00e1tolj\u00e1k az \u00e9rzelmek meg\u00e9l\u00e9s\u00e9t. Hogy a k\u00e9t f\u00e9l m\u00faltb\u00e9li s\u00e9r\u00fcl\u00e9se nem kompatibilis egym\u00e1ssal.<\/p>\n<p>A kezdeti vesztes\u00e9g hat\u00e1s\u00e1ra, a gy\u00e1sz elej\u00e9n m\u00e9g azt gondolod, hogy elvett t\u0151led, bel\u0151led. Hogy megk\u00e1ros\u00edtott, aljasul meglopott. De val\u00f3j\u00e1ban nagyon is sokat adott. Ha kell\u0151k\u00e9ppen tudatos vagy, akkor r\u00e1j\u00f6ssz, hogy \u0151 nyitotta meg az ajt\u00f3t magadhoz, \u0151 vezetett el saj\u00e1t lelkedhez. \u0150 l\u00e1ttatta meg magadban a s\u00e9r\u00fcl\u00e9seidet, amelyek tudattalanul is hozz\u00e1d vonzott\u00e1k \u0151t. \u00cdgy lettetek egym\u00e1s legf\u0151bb tan\u00edt\u00f3i. Ha ez a gondolat f\u00e1j, \u00e9s b\u0151sz ellen\u00e1ll\u00e1sba kezdesz, akkor m\u00e9g mindig a harag vezet, \u00e9s m\u00e9g nem vagy t\u00fal rajta. Ha m\u00e9g mindig \u0151t v\u00e1dolod, akkor m\u00e9g magaddal nem rendezted el a dolgaidat.<\/p>\n<p>Az\u00e9rt is olyan jelent\u0151s\u00e9gteljesek ezek a kapcsolatok, mert a leger\u0151sebb fejl\u0151d\u00e9si lehet\u0151s\u00e9get hordozz\u00e1k magukban. Arra mutatnak r\u00e1, hogy hol vannak be nem gy\u00f3gy\u00edtott s\u00e9r\u00fcl\u00e9seid. \u00dagy, ahogy te magad is t\u00fckr\u00f6t tartasz a m\u00e1sik sz\u00e1m\u00e1ra.<\/p>\n<p>Semmi nem \u00f6nc\u00e9l\u00fa az \u00e9letben. Minden kapcsol\u00f3d\u00e1snak oka \u00e9s k\u00fcldet\u00e9se van. Van, amelyik az \u00f6nszeretetre, \u00f6nbecs\u00fcl\u00e9sre tan\u00edt, vagy \u00f6nmagad felv\u00e1llal\u00e1s\u00e1ra, \u00e9s van, amelyik az elfogad\u00e1sra.<\/p>\n<p>Akkor tudsz tov\u00e1bbl\u00e9pni, ha ezt meg\u00e9rted \u00e9s elfogadod, \u00e9s m\u00e1r nincs benned harag, \u00e9s gy\u00f6tr\u0151 k\u00e9rd\u00e9sek, csakis a tiszta szereteten kereszt\u00fcl l\u00e1tod azokat a h\u00f3napokat, am\u00edg az \u00e9leted r\u00e9sze volt. \u00c9s h\u00e1l\u00e1s vagy neki mindez\u00e9rt. Mert nagyon fontos dolgokra tan\u00edtott meg, ha hagytad, ha felismerted mindazt a leck\u00e9t, amit hordozott mag\u00e1ban.<\/p>\n<p>Adj helyet neki a lelkedben, ne ki\u0171zni akard \u0151t onn\u00e9t, hanem fogadd el azokat a szeretetenergi\u00e1kat, amelyeket otthagyott. Mint homokban a l\u00e1bnyom\u2026lelkedben az \u00e9rzelmi lenyomat. Akkor tanulsz meg az eml\u00e9k\u00e9vel b\u00e9k\u00e9ben \u00e9lni, amikor eljutsz od\u00e1ig, hogy boldognak szeretn\u00e9d l\u00e1tni. Eddig nagyon hossz\u00fa az \u00fat. T\u00f6bbnyire sok EGO-s k\u00fczdelem ut\u00e1n jut el id\u00e1ig az ember. Mert t\u00f6bbnyire nem a m\u00e1sik eml\u00e9ke ellen k\u00fczd, hanem a benne \u00e9l\u0151 \u00e9s f\u00e9l\u0151 d\u00e9monok ellen.<\/p>\n<p>Sokan \u00fagy \u00e9lik meg, hogy nem tudj\u00e1k felejteni az ilyen kapcsol\u00f3d\u00e1st igaz\u00e1n sosem. Tal\u00e1n nem is kell. Alak\u00edts ki neki a sz\u00edvedben egy kis csendes zugot, ami csakis az \u00f6v\u00e9, ahova m\u00e1snak nincs bej\u00e1r\u00e1sa. Ami \u00f6r\u00f6kre benned marad. De z\u00e1rd be az ajt\u00f3t. Emellett hozd l\u00e9tre magadban azt a kis helyet is, amit viszont ki tudsz nyitni, \u00e9s ahova be tudsz engedni m\u00e1sokat. Akik m\u00e1r a gy\u00f3gyult, kiteljesedett lelkedre rezon\u00e1lnak. Akik m\u00e1r csak az \u00e1raml\u00f3 szeretet tisztas\u00e1g\u00e1val kapcsol\u00f3dnak hozz\u00e1d.<\/p>\n<p>Ez nem jelenti azt, hogy nem vagy k\u00e9pes elengedni. Az elenged\u00e9s pont arr\u00f3l sz\u00f3l, hogy megb\u00e9k\u00e9lt\u00e9l a helyzettel, elfogadtad, hogy m\u00e1s fel\u00e9 visz az \u00fatja. De te k\u00e9pes vagy r\u00e1 szeretettel gondolni, b\u00e1rhogy is alakult az \u00e9let. Akkor is, ha nem melletted d\u00f6nt\u00f6tt. Mert ezzel \u00e9pp azt tan\u00edtotta neked, hogy te d\u00f6nts magad mellett.<\/p>\n","protected":false},"excerpt":{"rendered":"<p>A legt\u00f6bb f\u00e9rfi \u00e9s n\u0151 \u00e9let\u00e9ben van olyan ember, akit nem tud elfelejteni. Aki ott van sz\u00edve minden dobban\u00e1s\u00e1ban, sok-sok \u00e1lm\u00e1ban, gondolataiban. Akkor is, ha m\u00e1r r\u00e9g megsz\u0171nt vele a kapcsolat. T\u00f6bbnyire m\u00faltj\u00e1nak egy szerepl\u0151je, akihez \u00fagy tudott kapcsol\u00f3dni, k\u00f6t\u0151dni, ahogy senki m\u00e1shoz. M\u00e9gsem bontakozhatott ki igaz\u00e1n kettej\u00fck rom\u00e1nca. Ett\u0151l f\u00fcggetlen\u00fcl megtal\u00e1lhatj\u00e1k a p\u00e1rjukat, tov\u00e1bb [&hellip;]<\/p>\n","protected":false},"author":3,"featured_media":808,"comment_status":"open","ping_status":"closed","sticky":false,"template":"","format":"standard","meta":{"_monsterinsights_skip_tracking":false,"_monsterinsights_sitenote_active":false,"_monsterinsights_sitenote_note":"","_monsterinsights_sitenote_category":0},"categories":[3,19,9],"tags":[],"_links":{"self":[{"href":"https:\/\/mellettedvagyok.hu\/index.php\/wp-json\/wp\/v2\/posts\/809"}],"collection":[{"href":"https:\/\/mellettedvagyok.hu\/index.php\/wp-json\/wp\/v2\/posts"}],"about":[{"href":"https:\/\/mellettedvagyok.hu\/index.php\/wp-json\/wp\/v2\/types\/post"}],"author":[{"embeddable":true,"href":"https:\/\/mellettedvagyok.hu\/index.php\/wp-json\/wp\/v2\/users\/3"}],"replies":[{"embeddable":true,"href":"https:\/\/mellettedvagyok.hu\/index.php\/wp-json\/wp\/v2\/comments?post=809"}],"version-history":[{"count":6,"href":"https:\/\/mellettedvagyok.hu\/index.php\/wp-json\/wp\/v2\/posts\/809\/revisions"}],"predecessor-version":[{"id":816,"href":"https:\/\/mellettedvagyok.hu\/index.php\/wp-json\/wp\/v2\/posts\/809\/revisions\/816"}],"wp:featuredmedia":[{"embeddable":true,"href":"https:\/\/mellettedvagyok.hu\/index.php\/wp-json\/wp\/v2\/media\/808"}],"wp:attachment":[{"href":"https:\/\/mellettedvagyok.hu\/index.php\/wp-json\/wp\/v2\/media?parent=809"}],"wp:term":[{"taxonomy":"category","embeddable":true,"href":"https:\/\/mellettedvagyok.hu\/index.php\/wp-json\/wp\/v2\/categories?post=809"},{"taxonomy":"post_tag","embeddable":true,"href":"https:\/\/mellettedvagyok.hu\/index.php\/wp-json\/wp\/v2\/tags?post=809"}],"curies":[{"name":"wp","href":"https:\/\/api.w.org\/{rel}","templated":true}]}}