{"id":794,"date":"2021-06-27T15:42:40","date_gmt":"2021-06-27T15:42:40","guid":{"rendered":"http:\/\/mellettedvagyok.hu\/?p=794"},"modified":"2021-07-28T12:13:37","modified_gmt":"2021-07-28T12:13:37","slug":"a-no-erteke","status":"publish","type":"post","link":"https:\/\/mellettedvagyok.hu\/index.php\/2021\/06\/27\/a-no-erteke\/","title":{"rendered":"A n\u0151 \u00e9rt\u00e9ke"},"content":{"rendered":"<p>N\u0151nek lenni neh\u00e9z\u2026-hallom nagyon sokszor sz\u00e9p, \u00e9rtelmes, \u00e9s \u201ej\u00f3n\u0151k\u201d sz\u00e1j\u00e1b\u00f3l, mik\u00f6zben arcuk rezd\u00fcl\u00e9s\u00e9b\u0151l is val\u00f3ban meg\u00e9lt f\u00e1jdalmaik, rossz tapasztalataik olvashat\u00f3k ki. \u0150k ugyanis ezeken kereszt\u00fcl szeml\u00e9lik n\u0151i sorsukat. \u00c9let\u00fck sor\u00e1n elhitt\u00e9k, hogy a n\u0151i l\u00e9t csak \u00fagy eg\u00e9sz, ha abban a gy\u00f6trelem, a neh\u00e9zs\u00e9g \u00e9s megpr\u00f3b\u00e1ltat\u00e1s is szerepet kap, azt\u00e1n m\u00e1r \u00f6nbeteljes\u00edt\u0151 j\u00f3slatk\u00e9nt ehhez igaz\u00edtj\u00e1k sorsukat. T\u00e9ny, hogy a t\u00f6rt\u00e9nelemben fellelhetj\u00fck m\u00e9ly kollekt\u00edv traum\u00e1k nyomait, amelyeket fel nem dolgozotts\u00e1guk miatt cipelhetj\u00fck mi n\u0151k tov\u00e1bb gener\u00e1ci\u00f3kon \u00e1t. De ha vil\u00e1gunkban k\u00f6r\u00fcln\u00e9z\u00fcnk, napjainkban is jellemz\u0151, hogy a kev\u00e9sb\u00e9 civiliz\u00e1lt t\u00e1rsadalmakban m\u00e9g mindig \u00e9rt\u00e9ktelenebbnek tartj\u00e1k a n\u0151i nemet, akik a f\u00e9rfi preferenci\u00e1knak megfelel\u0151en pozicion\u00e1lj\u00e1k \u00f6nmagukat. Ennek megfelel\u0151en pedig b\u00e1rmilyen \u2013 fizikailag is f\u00e1jdalmas \u2013 \u00e1ldozatra hajlamosak, amelynek t\u00e9tje sok esetben az \u00e9letben marad\u00e1suk, vagy az \u00e9rv\u00e9nyes\u00fcl\u00e9s\u00fck. (Pl. ezt szolg\u00e1lja a n\u0151i test b\u00e1rmilyen jelleg\u0171 csonk\u00edt\u00e1sa).<\/p>\n<p>Gyakran anyak\u00e9nt is azt k\u00f6zvet\u00edtj\u00fck l\u00e1nygyerekeink fel\u00e9, hogy a n\u0151i l\u00e9tez\u00e9s csupa lemond\u00e1s, alkalmazkod\u00e1s, megalkuv\u00e1s \u00e9s f\u00e1jdalom minden t\u00e9ren. Mert nagyany\u00e1ink, d\u00e9dany\u00e1ink meg\u00e9lt, de be nem gy\u00f3gy\u00edtott lelki s\u00e9r\u00fcl\u00e9seinek a lenyomatait is magunkban hordozzuk. \u00a0Azt\u00e1n hittel, meggy\u0151z\u0151d\u00e9ssel, kimondott szavakkal ezt k\u00f6zvet\u00edtj\u00fck tov\u00e1bb l\u00e1nyainknak. Neh\u00e9z ebb\u0151l kit\u00f6rni, \u00e9s meg\u00e9rteni azt, hogy minden f\u00f6ldi l\u00e9tez\u00e9snek vannak gy\u00f6trelmes aspektusai, neh\u00e9zs\u00e9gi, probl\u00e9m\u00e1i, vesztes\u00e9gei, amelyek az er\u0151 fel\u00e9p\u00edt\u00e9s\u00e9re, a t\u00fal\u00e9l\u00e9sre, ez elenged\u00e9sre tan\u00edtanak. De emellett pedig vannak olyan pillanatai is \u00e9let\u00fcnknek, amelyek \u00f6r\u00f6mteliek. Att\u00f3l f\u00fcgg ezeknek a meg\u00e9l\u00e9se, hogy minek adunk figyelmet, \u00e9s ez\u00e1ltal energi\u00e1t. Hogy mik\u00e9nt \u00e9lj\u00fck meg neh\u00e9zs\u00e9geinket. \u00c1ldozatk\u00e9nt, vagy tanul\u00f3k\u00e9nt.<\/p>\n<p>Nagyon sok n\u0151 nem \u00e9rzi \u00f6nn\u00f6n \u00e9rt\u00e9kess\u00e9g\u00e9t, \u00e9s azt gondolja, hogy val\u00f3j\u00e1ban csakis a k\u00fclseje alapj\u00e1n \u00e9rt\u00e9kelhet\u0151. Ha \u00f6nmag\u00e1t sz\u00e9pnek l\u00e1tja, akkor elhiszi, hogy elfogadhat\u00f3, v\u00e1laszthat\u00f3. Aki \u00edgy \u00e9li meg n\u0151is\u00e9g\u00e9t, annak a sz\u00e9ps\u00e9g boldogul\u00e1s\u00e1nak z\u00e1loga is egyben. \u00a0\u00a0Persze, erre az\u00e9rt a m\u00e9dia is r\u00e1er\u0151s\u00edt, \u00e9s ha az \u00f6nbizalom gyenge l\u00e1bakon \u00e1ll, akkor el is fogadja a n\u0151, hogy akkor lehet sz\u00e9p, ha a kiki\u00e1ltott ide\u00e1lt valamennyire megk\u00f6zel\u00edti. Ez\u00e9rt pedig hajland\u00f3 nagy \u00e1ldozatokra, \u00e9s ilyenkor nem az \u00f6nmag\u00e1r\u00f3l alkotott k\u00e9pen, az \u00f6nbizalm\u00e1n dolgozik, hanem k\u00fclsej\u00e9nek megv\u00e1ltoztat\u00e1s\u00e1n, ak\u00e1r drasztikus m\u00f3don is.\u00a0 Pedig ma m\u00e1r nem a t\u00fal\u00e9l\u00e9s\u00fck m\u00falik azon, hogy v\u00e1lasztj\u00e1k-e \u0151ket a f\u00e9rfiak, ezt a zsigeri megfelelni v\u00e1gy\u00e1st azonban nagyon neh\u00e9z levetk\u0151zni.<\/p>\n<p>A n\u0151 legf\u0151bb \u00e9rt\u00e9knek meghat\u00e1roz\u00e1sa az\u00e9rt gyakran m\u00e9g mindig kiz\u00e1r\u00f3lag a sz\u00e9ps\u00e9g\u00e9ben t\u00f6rt\u00e9nik. Az t\u00e9ny, hogy a sz\u00e9p n\u0151k jutnak olyan el\u0151ny\u00f6kh\u00f6z, amelyekhez a kev\u00e9sb\u00e9 sz\u00e9pek nem. Ez azt\u00e1n torkollik is n\u0151k k\u00f6z\u00f6tti visz\u00e1lyokba, irigys\u00e9gbe. De az is t\u00e9ny, hogy csakis olyan n\u0151k sz\u00e1m\u00e1ra jelent ez a helyzet f\u00e9lelmet, akiknek az \u00f6nbecs\u00fcl\u00e9se alacsony, akik nem hisznek saj\u00e1t magukban. Ez\u00e9rt vesz\u00e9lyes a csak k\u00fcls\u0151s\u00e9gekben meghat\u00e1rozott \u00e9rt\u00e9k, mert mihelyt nem l\u00e1tja m\u00e1r \u00f6nmag\u00e1t sz\u00e9pnek a n\u0151, azonnal le is \u00e9rt\u00e9keli. A k\u00f6zv\u00e9leked\u00e9sben a sz\u00e9ps\u00e9g mell\u00e9 m\u00e9g hozz\u00e1kapcsol\u00f3dik a fiatals\u00e1g is, a kett\u0151 egy\u00fctt \u00e9rv\u00e9nyes\u00edti igaz\u00e1n a fentieket. Sok n\u0151 panaszkodik arr\u00f3l, hogy 40 \u00e9ves kor ut\u00e1n l\u00e1thatatlann\u00e1 v\u00e1lik a munkaer\u0151piacon, \u00e9s p\u00e1rkapcsolati szempontb\u00f3l is. Mert kult\u00far\u00e1nkban a n\u0151 \u00e9rt\u00e9ke ford\u00edtottan ar\u00e1nyos a felette val\u00f3 id\u0151 m\u00fal\u00e1s\u00e1val. Ez pedig m\u00e9g ink\u00e1bb elbizonytalan\u00edthatja az addig is bizonytalankod\u00f3kat. De \u00f6sszess\u00e9g\u00e9ben mindenk\u00e9ppen negat\u00edv hat\u00e1s\u00fa jelens\u00e9g a n\u0151i \u00f6nbecs\u00fcl\u00e9sre n\u00e9zve.<\/p>\n<p>Az \u00e9rt\u00e9kess\u00e9get val\u00f3j\u00e1ban legink\u00e1bb a f\u00e9rfiak felt\u00e9telezett szempontjai szerint vizsg\u00e1ljuk, azonban t\u00f6bbnyire t\u00falbecs\u00fclj\u00fck a k\u00fcls\u0151s\u00e9gekhez kapcsolt elv\u00e1r\u00e1saikat. M\u00e9g mindig nekik akarunk megfelelni, \u00fagy, hogy \u0151k ezt nem k\u00e9rik. \u0150k z\u00f6m\u00e9ben egy \u00f6nazonos, \u00e9letvid\u00e1m, mosollyal \u00e9s meg\u00e9rt\u00e9ssel \u00e1titatott n\u0151t szeretn\u00e9nek, aki rendben van \u00f6nmag\u00e1val \u00e9s a vil\u00e1ggal. Akinek nincsenek nagy \u00e9rzelmi hull\u00e1mz\u00e1sai, \u00e9s szeret n\u0151 lenni. Aki nem f\u00e1jdalomk\u00e9nt \u00e9li meg n\u0151i mivolt\u00e1t, hanem l\u00e1tja benne a fizikai \u00e9s szellemi \u00f6r\u00f6m\u00f6t is. Aki tud adni, de elfogadni is, mert tudja, hogy teljess\u00e9g\u00e9nek kibontakoz\u00e1s\u00e1hoz ez is hozz\u00e1seg\u00edti.<\/p>\n<p>Azonban nagyon sok n\u0151ben \u00e9l a mark\u00e1ns megfelelni v\u00e1gy\u00e1s, mert szil\u00e1rd alapok h\u00edj\u00e1n k\u00f6rnyezet\u00fck visszajelz\u00e9s\u00e9t\u0151l v\u00e1rj\u00e1k \u00e9rt\u00e9kess\u00e9g\u00fckr\u0151l \u00e9s szerethet\u0151s\u00e9g\u00fckr\u0151l a meger\u0151s\u00edt\u00e9st. Sokan eg\u00e9sz \u00e9let\u00fck\u00f6n \u00e1t azon munk\u00e1lkodnak, hogy valaki sz\u00e1m\u00e1ra el\u00e9g j\u00f3k legyenek. \u00c9s ehhez igaz\u00edtanak mindent, de legf\u0151k\u00e9ppen saj\u00e1t magukat. Azon a bizonyos lovon ford\u00edtva \u00fclnek, \u00e9s nem \u00e9rtik, hogy b\u00e1rmerre is indulnak el vele, mindig ugyanoda \u00e9rkeznek. Nem hisznek abban, hogy saj\u00e1t maguk\u00e9rt v\u00e1laszthat\u00f3k, hiszen csal\u00e1di mintak\u00e9nt nem ezt hozt\u00e1k magukkal. Mert otthon nem j\u00e1rt alanyi jogon a szeretet, hanem az\u00e9rt k\u0151kem\u00e9nyen meg kellett dolgozni.<\/p>\n<p>Ez\u00e9rt lett jelens\u00e9g a sokat kifigur\u00e1zott Instagram l\u00e1nyok szelfis vil\u00e1ga, ez\u00e9rt v\u00e1lt sztereot\u00edpi\u00e1v\u00e1 a n\u0151k magamutogat\u00e1sa, \u00f6nmaguk le\u00e9rt\u00e9kel\u00e9se. \u0150k a k\u00e9nyszeress\u00e9gekkel \u00e9l\u0151k, akik a k\u00fclvil\u00e1g r\u00e9sz\u00e9r\u0151l valamif\u00e9le elismer\u00e9st, visszaigazol\u00e1st szeretn\u00e9nek kicsikarni. Bels\u0151 bizonytalans\u00e1gb\u00f3l fakad\u00f3 bizony\u00edt\u00e1si v\u00e1gy arr\u00f3l, hogy milyen csod\u00e1sak, trendik, \u00e9rt\u00e9kesek. Hogy v\u00e1gyj\u00e1k \u00e9s akarj\u00e1k \u0151ket, mert ett\u0151l \u00e9rzik magukat szerethet\u0151nek. Ennek azonban \u00f6nbecs\u00fcl\u00e9s\u00fck tov\u00e1bbi lefel\u00e9 hanyatl\u00e1sa lesz az \u00e1ra. Mert a csak k\u00fcls\u0151s\u00e9gekre alapoz\u00f3 k\u00edn\u00e1lat felsz\u00ednes \u00e9s sek\u00e9lyes keresletet eredm\u00e9nyez.<\/p>\n<p>Gyakran s\u00fctik r\u00e1 azt a b\u00e9lyeget is a n\u0151kre, hogy t\u00falzottan er\u0151sek lettek. Egyr\u00e9szt val\u00f3ban \u00edgy van, de n\u00e9ha nincs is m\u00e1s v\u00e1laszt\u00e1suk, hiszen ahhoz er\u0151 kell, hogy \u00e9rdekeiket \u00e9rv\u00e9nyes\u00edts\u00e9k. Amikor m\u00e9g az anyas\u00e1ghoz val\u00f3 viszonyul\u00e1sukat \u00e9s az arr\u00f3l val\u00f3 d\u00f6nt\u00e9s\u00fcket is politikai k\u00e9rd\u00e9ss\u00e9 sil\u00e1ny\u00edtj\u00e1k, akkor ahhoz kell er\u0151, hogy ki\u00e1lljanak maguk\u00e9rt. Vagy ahhoz, hogy gyereket egyed\u00fcl nevelve, az \u00e9let\u00fcket menedzselve teherb\u00edr\u00f3v\u00e1 eddz\u00e9k magukat. Igen, az er\u0151 megsz\u00fclet\u00e9se a n\u0151ben vitathatatlan t\u00e9ny, de az emberek tudat\u00e1ban ez gyakran egybemos\u00f3dik a kem\u00e9nys\u00e9ggel. Ami val\u00f3ban ijeszt\u0151 is, ha a n\u0151 egy\u00fattal feminin energi\u00e1it elnyomja. Egy\u00e9bk\u00e9nt az er\u0151 \u00e9rt\u00e9k, mert hozz\u00e1seg\u00edti a n\u0151t ahhoz, hogy lelki tart\u00f3 oszlopa legyen. Hogy ne hagyja elnyomni mag\u00e1t, seg\u00edts\u00e9g\u00e9vel kijel\u00f6lje lelki hat\u00e1rait. \u00cdgy v\u00e1lik egyszerre l\u00e1ggy\u00e1 \u00e9s er\u0151ss\u00e9 is, \u00e9s ezen kereszt\u00fcl tudja mag\u00e1t \u00e9rt\u00e9kelni.<\/p>\n<p>A sz\u00fcl\u0151i mint\u00e1k \u00e9s hitek alapjaiban hat\u00e1rozz\u00e1k meg, hogy a n\u0151 mik\u00e9nt tekint \u00f6nmag\u00e1ra. Mennyire \u00e9lvezi n\u0151i l\u00e9tez\u00e9s\u00e9t, \u00e9s szerepeit. Az any\u00e1k saj\u00e1t n\u0151i mint\u00e1jukat \u00fcltetik bele l\u00e1nyaikba, de az ap\u00e1k is sokat tehetnek az\u00e9rt, hogy gyerekeikben az \u00e9rt\u00e9kess\u00e9g \u00e9rz\u00e9se er\u0151s\u00f6dj\u00f6n meg. Ha \u00e9rzelmileg el\u00e9rhet\u0151k, \u00e9s \u00e9rezhet\u0151en t\u00e1mogat\u00f3k, ha pozit\u00edv visszajelz\u00e9seket gyakran adnak, akkor seg\u00edtik l\u00e1nyaik n\u0151i kibontakoz\u00e1s\u00e1t. Sz\u00fcl\u0151k\u00e9nt felel\u0151ss\u00e9g\u00fcnk van gyermekeinkkel szemben. Ha le tudjuk tenni terheinket, nem hagyom\u00e1nyozzuk tov\u00e1bb ut\u00f3dainkra.<\/p>\n<p>A n\u0151i l\u00e9t teljess\u00e9ge a n\u0151 ezer arc\u00e1t foglalja mag\u00e1ban. A megalkuv\u00e1sos, \u00f6nmag\u00e1t automatikusan h\u00e1tt\u00e9rbe sorol\u00f3, \u00e9s a m\u00e1sik v\u00e9gponton elhelyezked\u0151 v\u00e9gletekig makacs \u00e9s hisztis akarnok k\u00f6z\u00f6tt ott van az \u00f6nmag\u00e1t meg\u00e9l\u0151 n\u0151 a maga \u00e1raml\u00f3, l\u00fcktet\u0151 szeretetenergi\u00e1j\u00e1val, el- \u00e9s befogad\u00e1s\u00e1val.<\/p>\n<p>N\u0151k\u00e9nt akkor tudunk teljes \u00e9letet \u00e9lni, ha elfogadjuk n\u0151i l\u00e9t\u00fcnk k\u00fcldet\u00e9s\u00e9t, \u00e9s mindazt a leck\u00e9t, amely n\u0151is\u00e9g\u00fcnk kiteljes\u00edt\u00e9s\u00e9hez kapcsol\u00f3dik. Akkor v\u00e1lunk \u00e9rzelmileg, fizik\u00e1lisan \u00e9s szellemileg is val\u00f3di n\u0151v\u00e9, ha megl\u00e1tjuk \u00f6nmagunkban az \u00e9rt\u00e9ket \u00e9s a vil\u00e1gunkban a lehet\u0151s\u00e9geket saj\u00e1t kibontakoztat\u00e1sunkra. \u00c9rt\u00e9keink felismer\u00e9s\u00e9n kereszt\u00fcl l\u00e1thatjuk csak meg igazi \u00f6nmagunkat is.<\/p>\n<p>&nbsp;<\/p>\n<p><em>Ha hasznosnak \u00e9rzed ezt az \u00edr\u00e1st, k\u00e9rlek seg\u00edts m\u00e1sokhoz is eljuttatni megoszt\u00e1ssal.<\/em><\/p>\n","protected":false},"excerpt":{"rendered":"<p>N\u0151nek lenni neh\u00e9z\u2026-hallom nagyon sokszor sz\u00e9p, \u00e9rtelmes, \u00e9s \u201ej\u00f3n\u0151k\u201d sz\u00e1j\u00e1b\u00f3l, mik\u00f6zben arcuk rezd\u00fcl\u00e9s\u00e9b\u0151l is val\u00f3ban meg\u00e9lt f\u00e1jdalmaik, rossz tapasztalataik olvashat\u00f3k ki. \u0150k ugyanis ezeken kereszt\u00fcl szeml\u00e9lik n\u0151i sorsukat. \u00c9let\u00fck sor\u00e1n elhitt\u00e9k, hogy a n\u0151i l\u00e9t csak \u00fagy eg\u00e9sz, ha abban a gy\u00f6trelem, a neh\u00e9zs\u00e9g \u00e9s megpr\u00f3b\u00e1ltat\u00e1s is szerepet kap, azt\u00e1n m\u00e1r \u00f6nbeteljes\u00edt\u0151 j\u00f3slatk\u00e9nt ehhez igaz\u00edtj\u00e1k [&hellip;]<\/p>\n","protected":false},"author":3,"featured_media":795,"comment_status":"open","ping_status":"closed","sticky":false,"template":"","format":"standard","meta":{"_monsterinsights_skip_tracking":false,"_monsterinsights_sitenote_active":false,"_monsterinsights_sitenote_note":"","_monsterinsights_sitenote_category":0},"categories":[11,14],"tags":[],"_links":{"self":[{"href":"https:\/\/mellettedvagyok.hu\/index.php\/wp-json\/wp\/v2\/posts\/794"}],"collection":[{"href":"https:\/\/mellettedvagyok.hu\/index.php\/wp-json\/wp\/v2\/posts"}],"about":[{"href":"https:\/\/mellettedvagyok.hu\/index.php\/wp-json\/wp\/v2\/types\/post"}],"author":[{"embeddable":true,"href":"https:\/\/mellettedvagyok.hu\/index.php\/wp-json\/wp\/v2\/users\/3"}],"replies":[{"embeddable":true,"href":"https:\/\/mellettedvagyok.hu\/index.php\/wp-json\/wp\/v2\/comments?post=794"}],"version-history":[{"count":9,"href":"https:\/\/mellettedvagyok.hu\/index.php\/wp-json\/wp\/v2\/posts\/794\/revisions"}],"predecessor-version":[{"id":875,"href":"https:\/\/mellettedvagyok.hu\/index.php\/wp-json\/wp\/v2\/posts\/794\/revisions\/875"}],"wp:featuredmedia":[{"embeddable":true,"href":"https:\/\/mellettedvagyok.hu\/index.php\/wp-json\/wp\/v2\/media\/795"}],"wp:attachment":[{"href":"https:\/\/mellettedvagyok.hu\/index.php\/wp-json\/wp\/v2\/media?parent=794"}],"wp:term":[{"taxonomy":"category","embeddable":true,"href":"https:\/\/mellettedvagyok.hu\/index.php\/wp-json\/wp\/v2\/categories?post=794"},{"taxonomy":"post_tag","embeddable":true,"href":"https:\/\/mellettedvagyok.hu\/index.php\/wp-json\/wp\/v2\/tags?post=794"}],"curies":[{"name":"wp","href":"https:\/\/api.w.org\/{rel}","templated":true}]}}