{"id":682,"date":"2021-04-30T20:36:46","date_gmt":"2021-04-30T20:36:46","guid":{"rendered":"http:\/\/mellettedvagyok.hu\/?p=682"},"modified":"2021-05-01T15:03:03","modified_gmt":"2021-05-01T15:03:03","slug":"anya","status":"publish","type":"post","link":"https:\/\/mellettedvagyok.hu\/index.php\/2021\/04\/30\/anya\/","title":{"rendered":"Anya"},"content":{"rendered":"<p>\u00c9letre h\u00edvott, te pedig j\u00f6tt\u00e9l. Az \u0151 b\u00f3dults\u00e1gt\u00f3l \u00e9s f\u00e1jdalomt\u00f3l eltorzult tekintet\u00e9ben l\u00e1thattad meg el\u0151sz\u00f6r arcodat. \u00c9letben marad\u00e1sod f\u00fcgg\u00f6tt t\u0151le, \u00e9s te \u00fagy cs\u00fcngt\u00e9l rajta hossz\u00fa id\u0151n kereszt\u00fcl, hogy m\u00e9g a leveg\u0151t is elvontad t\u0151le. \u00a0\u0150 pedig adta \u00f6nk\u00e9nt, \u00e9s minden m\u00e1st is, amit csak adni b\u00edrt.<\/p>\n<p>Vajon h\u00e1nyszor mondtad ki \u00e9letedben ezt a sz\u00f3t, l\u00e9ted legm\u00e9lyebben gy\u00f6kerez\u0151 szav\u00e1t: anya? \u00a0H\u00e1nyszor ord\u00edtottad jajvesz\u00e9kelve gyerekk\u00e9nt, \u00e9s f\u00e1jdalmaid k\u00f6zep\u00e9n h\u00e1nyszor suttogod a telefonba neki ma is egy gy\u00f6trelmes buk\u00e1sod ut\u00e1n? \u00c9s vajon h\u00e1nyszor ny\u00f6sz\u00f6rg\u00f6d azut\u00e1n, ha elk\u00f6sz\u00f6n t\u0151led, \u00e9s f\u00f6ldi l\u00e9t\u00e9t\u0151l? Mert b\u00e1rmilyen bajodon enyh\u00edthet, hiszen m\u00e9ly, l\u00e1thatatlan, de ann\u00e1l er\u0151sebb lelki sz\u00e1llal \u00e1tsz\u0151tt kapocs van k\u00f6ztetek, ami akkor sem szakad el, ha \u0151 m\u00e1r nincs melletted.<\/p>\n<p>Anyai antenn\u00e1i r\u00e1d vannak hangolva, \u00e9s hatodik, sokadik \u00e9rz\u00e9k\u00e9vel r\u00e1\u00e9rez b\u00e1rhonn\u00e9t is, ha neked nem j\u00f3. K\u00f6zben pedig \u00e1tv\u00e1llaln\u00e1 minden k\u00ednodat. Mentes\u00edtve mindatt\u00f3l, ami f\u00e1j, gondolkod\u00e1s n\u00e9lk\u00fcl.<\/p>\n<p>Amit bel\u0151le m\u00e9lyen magadba sz\u00edvt\u00e1l, azt egyszer majd te is tov\u00e1bbadod. Mindazt a m\u00e9lys\u00e9get, finom \u00e9rz\u00e9kenys\u00e9get, \u00f3v\u00f3, t\u00f6r\u0151d\u0151 szeretetet, ami az \u0151 saj\u00e1tja. \u00a0Lelki \u00f6r\u00f6ks\u00e9ge pedig \u00e1ltalad hagyom\u00e1nyoz\u00f3dik tov\u00e1bb. Gyerekeidbe, majd unok\u00e1idba.<\/p>\n<p>Legf\u0151bb tan\u00edt\u00f3d volt \u00e9leted kezdet\u00e9n. Gyermekkorodban szivacsk\u00e9nt ittad szavait, minden rezd\u00fcl\u00e9s\u00e9t \u00e1t\u00e9lted te is, mimik\u00e1ja nyom\u00e1t arcod \u0151rzi. Egy-egy k\u00e9zmozdulata visszak\u00f6sz\u00f6n gesztusaidban. Megjelenik von\u00e1saidban, a szem\u00e9lyis\u00e9gedben, a hangodban, de m\u00e9g a d\u00f6nt\u00e9seidben \u00e9s v\u00e1laszt\u00e1saidban is. Megjelenik abban, ahogy a hajadat hordod, \u00e9s abban is, ahogy a p\u00e1rod keze ut\u00e1n ny\u00falsz. Minden mozdulatodban benne van. Egy r\u00e9szed \u0151 maga. Ha n\u0151 vagy, n\u0151i er\u0151forr\u00e1sod ered\u0151je. Ha f\u00e9rfi vagy, a benned \u00e9l\u0151 energi\u00e1i seg\u00edtenek \u00e9rt\u00e9keid megtart\u00e1s\u00e1ban. Ahogy szeretsz, ahogy b\u00edzol, az \u0151 \u00e9rzelmeit t\u00fckr\u00f6zi.<\/p>\n<p>Mag\u00e1hoz, a vil\u00e1ghoz, \u00e9s hozz\u00e1d val\u00f3 viszonyul\u00e1sa lelki lenyomatai lesznek a ti\u00e9idnek. \u00a0Gondolatait, viselked\u00e9s\u00e9t, \u00e9s tapasztal\u00e1sait mintak\u00e9nt v\u00e9si bele \u00e9leted lapjaiba. Mindenben ott van, akkor is, ha m\u00e1r nem \u00e9l.<\/p>\n<p>Gyerekk\u00e9nt er\u0151snek \u00e9s t\u00f6k\u00e9letesnek l\u00e1ttad \u0151t. Most n\u00e9zz r\u00e1 \u00fagy, mint egy sebezhet\u0151 embere, akinek voltak saj\u00e1t harcai, k\u00fczdelmei a vil\u00e1ggal, \u00e9s \u00f6nmag\u00e1val szemben is, \u00e9s m\u00e1ris meg\u00e9rted, hogy mi\u00e9rt volt n\u00e9ha d\u00fch\u00f6s, csal\u00f3dott \u00e9s elesett. Meg\u00e9rted, hogy mindez nem r\u00e1d ir\u00e1nyult, hanem \u00f6nmag\u00e1ra. Vannak hib\u00e1i \u00e9s gyenges\u00e9gei, de a te szem\u00e9lyis\u00e9gedhez, a te \u00e9letfeladatod beteljes\u00edt\u00e9s\u00e9hez, sz\u00e1modra, neked \u0151 a legjobb. \u00a0Egyszer\u0171en ember, a maga f\u00e9lelmeivel, f\u00e1jdalmaival, el\u0151t\u00f6rt\u00e9net\u00e9vel. \u0150 is csak azokb\u00f3l a mint\u00e1kb\u00f3l \u00e9p\u00edtkezhetett, amit \u00f6r\u00f6k\u00fcl kapott. Amit a gener\u00e1ci\u00f3s sorban \u0151t megel\u0151z\u0151 felmen\u0151it\u0151l jussolt.<\/p>\n<p>N\u00e9ha feln\u0151ttk\u00e9nt is \u00f6l\u00e9be hajtan\u00e1d a fejed, amikor r\u00fatul b\u00e1nik veled a vil\u00e1g, amikor f\u00e1jdalom \u00e9s igazs\u00e1gtalans\u00e1g \u00e9r. Akkor l\u00e9lekben \u00fajra gyerekk\u00e9 v\u00e1lva azt a ringat\u00f3 nyugalmat keresed, amit csakis \u0151 adhatott neked. Ha pedig csak n\u00e9h\u00e1ny fot\u00f3, \u00e9s eml\u00e9keid \u0151rzik \u0151t, akkor is tudod, hogy minden sz\u00edvdobban\u00e1sodban ott van veled, a lelkedben, a sejtjeidben, \u00e9s abb\u00f3l a m\u00e1sik dimenzi\u00f3b\u00f3l is \u0151 a legnagyobb drukkered.<\/p>\n","protected":false},"excerpt":{"rendered":"<p>\u00c9letre h\u00edvott, te pedig j\u00f6tt\u00e9l. Az \u0151 b\u00f3dults\u00e1gt\u00f3l \u00e9s f\u00e1jdalomt\u00f3l eltorzult tekintet\u00e9ben l\u00e1thattad meg el\u0151sz\u00f6r arcodat. \u00c9letben marad\u00e1sod f\u00fcgg\u00f6tt t\u0151le, \u00e9s te \u00fagy cs\u00fcngt\u00e9l rajta hossz\u00fa id\u0151n kereszt\u00fcl, hogy m\u00e9g a leveg\u0151t is elvontad t\u0151le. \u00a0\u0150 pedig adta \u00f6nk\u00e9nt, \u00e9s minden m\u00e1st is, amit csak adni b\u00edrt. Vajon h\u00e1nyszor mondtad ki \u00e9letedben ezt a sz\u00f3t, [&hellip;]<\/p>\n","protected":false},"author":3,"featured_media":684,"comment_status":"open","ping_status":"closed","sticky":false,"template":"","format":"standard","meta":{"_monsterinsights_skip_tracking":false,"_monsterinsights_sitenote_active":false,"_monsterinsights_sitenote_note":"","_monsterinsights_sitenote_category":0},"categories":[19,9],"tags":[],"_links":{"self":[{"href":"https:\/\/mellettedvagyok.hu\/index.php\/wp-json\/wp\/v2\/posts\/682"}],"collection":[{"href":"https:\/\/mellettedvagyok.hu\/index.php\/wp-json\/wp\/v2\/posts"}],"about":[{"href":"https:\/\/mellettedvagyok.hu\/index.php\/wp-json\/wp\/v2\/types\/post"}],"author":[{"embeddable":true,"href":"https:\/\/mellettedvagyok.hu\/index.php\/wp-json\/wp\/v2\/users\/3"}],"replies":[{"embeddable":true,"href":"https:\/\/mellettedvagyok.hu\/index.php\/wp-json\/wp\/v2\/comments?post=682"}],"version-history":[{"count":5,"href":"https:\/\/mellettedvagyok.hu\/index.php\/wp-json\/wp\/v2\/posts\/682\/revisions"}],"predecessor-version":[{"id":688,"href":"https:\/\/mellettedvagyok.hu\/index.php\/wp-json\/wp\/v2\/posts\/682\/revisions\/688"}],"wp:featuredmedia":[{"embeddable":true,"href":"https:\/\/mellettedvagyok.hu\/index.php\/wp-json\/wp\/v2\/media\/684"}],"wp:attachment":[{"href":"https:\/\/mellettedvagyok.hu\/index.php\/wp-json\/wp\/v2\/media?parent=682"}],"wp:term":[{"taxonomy":"category","embeddable":true,"href":"https:\/\/mellettedvagyok.hu\/index.php\/wp-json\/wp\/v2\/categories?post=682"},{"taxonomy":"post_tag","embeddable":true,"href":"https:\/\/mellettedvagyok.hu\/index.php\/wp-json\/wp\/v2\/tags?post=682"}],"curies":[{"name":"wp","href":"https:\/\/api.w.org\/{rel}","templated":true}]}}