{"id":443,"date":"2021-02-23T20:32:37","date_gmt":"2021-02-23T20:32:37","guid":{"rendered":"http:\/\/mellettedvagyok.hu\/?p=443"},"modified":"2021-04-30T19:54:45","modified_gmt":"2021-04-30T19:54:45","slug":"ha-megfogan-a-remeny","status":"publish","type":"post","link":"https:\/\/mellettedvagyok.hu\/index.php\/2021\/02\/23\/ha-megfogan-a-remeny\/","title":{"rendered":"Ha megfogan a rem\u00e9ny"},"content":{"rendered":"<p>\u00d6sszet\u00f6rt\u00e9k, r\u00e1tapostak, \u00e9s hagyt\u00e1k kiv\u00e9rezni a s\u00e1rban. Cserbenhagy\u00e1sos sz\u00edvt\u00f6r\u00e9st okoztak neked. H\u00e1tra sem n\u00e9zve hajtottak el, m\u00e9g csak a k\u00f6z\u00f6ny lepl\u00e9t sem ter\u00edtett\u00e9k r\u00e1d. Napokig, h\u00f3napokig csak hevert ott sz\u00edved \u00e9szrev\u00e9tlen\u00fcl, \u00e9s csak tested \u00f3ri\u00e1si \u00e9lni akar\u00e1sa, \u00e9s immunrendszered kitart\u00f3 munk\u00e1ja h\u00edvta vissza az \u00e9letbe. A mi\u00e9rtre a v\u00e1laszt az\u00f3ta m\u00e1r nem keresed.<\/p>\n<p>M\u00e9g mindig m\u0171k\u00f6d\u00f6tt valami elk\u00e9peszt\u0151 csoda folyt\u00e1n. De csak az \u00e9letfunkci\u00f3i, az \u00e9rzelmi szerepei megsz\u0171ntek l\u00e9tezni. Sz\u00e9pen lassan szoksz hozz\u00e1 ahhoz a csendhez, amit dobban\u00e1sainak hi\u00e1nya okozott benned. Elfogadtad, ez van. N\u00e9ha k\u00edm\u00e9letlen\u00fcl rohannak meg eml\u00e9keid, az a pillanat is, amikor a f\u00e1jdalom \u00e9rt, \u00e9s \u00fagy r\u00e1gja a lelked, mint sz\u00fa a kem\u00e9nyf\u00e1t, sercegve, hangosan. De id\u0151vel egyre halov\u00e1nyabbak lesznek a sz\u00ednei, egyre messzebbr\u0151l l\u00e1tod, \u00e9s m\u00e1r csak elnagyolt sziluetteket t\u00e1r el\u00e9d. Hozz\u00e1szoksz, a r\u00e9szedd\u00e9 v\u00e1lik, otthont adsz neki lelkedben.<\/p>\n<p>De \u00e9vekig csak veget\u00e1lsz. \u00c9led az az \u00e9leted, int\u00e9zkedsz, szervezkedsz, probl\u00e9m\u00e1t oldasz meg, \u0151 \u00a0az aort\u00e1dat v\u00e9rrel l\u00e1tja el, a fizikai er\u0151t szolg\u00e1ltatja hozz\u00e1. De m\u00e1sra, t\u00f6bbre nem k\u00e9pes.<\/p>\n<p>K\u00f6z\u00f6nnyel veszed tudom\u00e1sul, hogy ez \u00edgy marad. Bez\u00e1rt a bolt, nem nyit ki t\u00f6bbsz\u00f6r, elvittek minden mozd\u00edthat\u00f3t. Nem lesz t\u00f6bbre k\u00e9pes. Pedig p\u00e1rszor megpr\u00f3b\u00e1lja, n\u00e9ha bele is \u00e9li mag\u00e1t. Tal\u00e1n j\u00f6n valaki, aki ism\u00e9t min\u0151s\u00e9gi szinuszt var\u00e1zsol bele. Aki \u00fajra elind\u00edtja a v\u00e9rkering\u00e9st benne, ami a t\u00f6bbi sejtet is m\u0171k\u00f6d\u00e9sre \u00f6szt\u00f6k\u00e9li, \u00e9s nem csak a sejteket, hanem az \u00e9rzelmeket is. De m\u00e1r igaz\u00e1n m\u00e9lyen nem hiszel benne.<\/p>\n<p>K\u00f6zben szert teszel mindarra a b\u00f6lcsess\u00e9gre, ami seg\u00edtett elvezetni \u00f6nmagadhoz. \u00a0R\u00e1j\u00f6ssz, hogy ahhoz a sz\u00edvt\u00f6r\u00e9shez te assziszt\u00e1lt\u00e1l. Akkor is, ha megt\u00e9vesztettek, akkor is, ha nem l\u00e1ttad a sz\u00e1nd\u00e9kot. Mert hossz\u00fat\u00e1von nincs felment\u00e9s ez al\u00f3l. Sok\u00e1ig b\u00e1ntani csak azt lehet, aki elhiszi, hogy \u00e9rt\u00e9ktelen, szerethetetlen. Mikor erre r\u00e1l\u00e1tsz, m\u00e1r nem mutogatsz kifel\u00e9, nem vesztegeted tov\u00e1bb \u00e9rt\u00e9kes id\u0151det, azt ink\u00e1bb \u00f6nmagad fel\u00e9p\u00fcl\u00e9s\u00e9re ford\u00edtod. Rend\u00fcletlen\u00fcl, mert kezded \u00e9lvezni. Elkezded megl\u00e1tni a k\u00f6r\u00fcl\u00f6tted l\u00e9v\u0151 apr\u00f3 sz\u00e9peket, azt\u00e1n az egyre nagyobbakat is. M\u00e1r nevetni is tudsz, nem az\u00e9rt, mert musz\u00e1j, hanem mert j\u00f3lesik. Meglepetten veszed tudom\u00e1sul, hogy egyre laz\u00e1bban m\u0171k\u00f6dsz, egyre jobban a jelenben vagy, \u00e9s egy alkalommal, amikor belen\u00e9zel a t\u00fck\u00f6rbe, m\u00e1r egy felt\u0171n\u0151en impulz\u00edv ember n\u00e9z vissza r\u00e1d. El\u00e9gedetten konstat\u00e1lod, mik\u00f6zben b\u00fcszke is vagy magadra, hiszen a m\u00ednusz tartom\u00e1nyb\u00f3l raktad \u00f6ssze magad darabokb\u00f3l. V\u00e9g\u00fcl a ritmus is visszatal\u00e1l egybeforrt sz\u00edvedbe. \u00a0M\u00e1r t\u00e1ncoln\u00e1l is, egyed\u00fcl, vagy az es\u0151ben, vagy b\u00e1rhol, ahol megtal\u00e1l a zene.<\/p>\n<p>Azt\u00e1n egy nap egy k\u00f6z\u00fati zebr\u00e1n\u00e1l a szemedbe n\u00e9z. Csak p\u00e1r m\u00e1sodperc, de aznap egy d\u00e9lut\u00e1nra az agyadba k\u00f6lt\u00f6zik. De azt\u00e1n a kis fut\u00f3 liezon ut\u00e1n megy tov\u00e1bb az \u00e9let, teszed a dolgod, \u00e9s k\u00f6zben folyamatosan azon munk\u00e1lkodsz, hogy megint felvedd Ariadn\u00e9 fonal\u00e1t, amely visszavezet \u00f6nmagadhoz. \u00c9rzed, tudod, hogy felismer\u00e9seket hoz, ez a munka nem hi\u00e1ba val\u00f3. Egyre finomabb jelz\u00e9seket hallasz meg, lelked \u00fczeneteit, \u00e9s m\u00e1r k\u00f3dolni is k\u00e9pes vagy lassan. Ez m\u00e9ly megnyugv\u00e1st hoz, \u00e9s tudod, hogy j\u00f3 az ir\u00e1ny. Est\u00e9nk\u00e9nt m\u00e1r b\u00e9ke vesz k\u00f6r\u00fcl, mind fizikai, mind lelki szinten. V\u00e9gre elt\u0171ntek elm\u00e9db\u0151l a k\u00e9rd\u0151jelek, nem v\u00e1rsz k\u00f6lt\u0151i k\u00e9rd\u00e9sekre v\u00e1laszt.<\/p>\n<p>Azt\u00e1n egyszer megint megjelenik a melegbarna szemp\u00e1r. Sorsszer\u0171en, \u00e9s onn\u00e9tt\u00f3l, mikor v\u00e9gre \u00e9szreveszed, felt\u0171nik mindenhol. Visszak\u00f6sz\u00f6n egy rekl\u00e1mplak\u00e1tr\u00f3l, egy k\u00f6nyv bor\u00edt\u00f3j\u00e1r\u00f3l, egy Facebook profilr\u00f3l. Azt\u00e1n m\u00e1r v\u00e1rod, hogy felbukkanjon \u00fajra \u00e9s \u00fajra, \u00e9s hogy a pupill\u00e1i r\u00e1d ny\u00edlva t\u00e1guljanak.<\/p>\n<p>Mire eljutsz id\u00e1ig, egy este a chatboxban \u00fczenet v\u00e1r\u2026 Defibrill\u00e1l\u00f3 hat\u00e1s\u00fa p\u00e1r sor, j\u00f3t\u00e9kony, mert \u00e9lettel t\u00f6lt fel. Meglep. \u00d6sszezavar, hiszen te m\u00e1r eld\u00f6nt\u00f6tted, hogy ell\u0151tted az \u00f6sszes \u00e9rzelmi patronod. Lehet, hogy m\u00e9gsem? Hirtelen megfogansz a rem\u00e9nnyel. A f\u00e9lelem is fel\u00fcti a fej\u00e9t, de te m\u00e1r sz\u00e9pen k\u00e9zen fogod, \u00e9s kivezeted az \u00e9letedb\u0151l\u2026.<\/p>\n","protected":false},"excerpt":{"rendered":"<p>\u00d6sszet\u00f6rt\u00e9k, r\u00e1tapostak, \u00e9s hagyt\u00e1k kiv\u00e9rezni a s\u00e1rban. Cserbenhagy\u00e1sos sz\u00edvt\u00f6r\u00e9st okoztak neked. H\u00e1tra sem n\u00e9zve hajtottak el, m\u00e9g csak a k\u00f6z\u00f6ny lepl\u00e9t sem ter\u00edtett\u00e9k r\u00e1d. Napokig, h\u00f3napokig csak hevert ott sz\u00edved \u00e9szrev\u00e9tlen\u00fcl, \u00e9s csak tested \u00f3ri\u00e1si \u00e9lni akar\u00e1sa, \u00e9s immunrendszered kitart\u00f3 munk\u00e1ja h\u00edvta vissza az \u00e9letbe. A mi\u00e9rtre a v\u00e1laszt az\u00f3ta m\u00e1r nem keresed. M\u00e9g mindig [&hellip;]<\/p>\n","protected":false},"author":3,"featured_media":444,"comment_status":"open","ping_status":"closed","sticky":false,"template":"","format":"standard","meta":{"_monsterinsights_skip_tracking":false,"_monsterinsights_sitenote_active":false,"_monsterinsights_sitenote_note":"","_monsterinsights_sitenote_category":0},"categories":[3,19],"tags":[],"_links":{"self":[{"href":"https:\/\/mellettedvagyok.hu\/index.php\/wp-json\/wp\/v2\/posts\/443"}],"collection":[{"href":"https:\/\/mellettedvagyok.hu\/index.php\/wp-json\/wp\/v2\/posts"}],"about":[{"href":"https:\/\/mellettedvagyok.hu\/index.php\/wp-json\/wp\/v2\/types\/post"}],"author":[{"embeddable":true,"href":"https:\/\/mellettedvagyok.hu\/index.php\/wp-json\/wp\/v2\/users\/3"}],"replies":[{"embeddable":true,"href":"https:\/\/mellettedvagyok.hu\/index.php\/wp-json\/wp\/v2\/comments?post=443"}],"version-history":[{"count":9,"href":"https:\/\/mellettedvagyok.hu\/index.php\/wp-json\/wp\/v2\/posts\/443\/revisions"}],"predecessor-version":[{"id":681,"href":"https:\/\/mellettedvagyok.hu\/index.php\/wp-json\/wp\/v2\/posts\/443\/revisions\/681"}],"wp:featuredmedia":[{"embeddable":true,"href":"https:\/\/mellettedvagyok.hu\/index.php\/wp-json\/wp\/v2\/media\/444"}],"wp:attachment":[{"href":"https:\/\/mellettedvagyok.hu\/index.php\/wp-json\/wp\/v2\/media?parent=443"}],"wp:term":[{"taxonomy":"category","embeddable":true,"href":"https:\/\/mellettedvagyok.hu\/index.php\/wp-json\/wp\/v2\/categories?post=443"},{"taxonomy":"post_tag","embeddable":true,"href":"https:\/\/mellettedvagyok.hu\/index.php\/wp-json\/wp\/v2\/tags?post=443"}],"curies":[{"name":"wp","href":"https:\/\/api.w.org\/{rel}","templated":true}]}}