{"id":247,"date":"2020-12-15T09:56:01","date_gmt":"2020-12-15T09:56:01","guid":{"rendered":"http:\/\/mellettedvagyok.hu\/?p=247"},"modified":"2021-03-04T16:06:09","modified_gmt":"2021-03-04T16:06:09","slug":"amikor-szuleinket-akarjuk-megmenteni-es-terheiket-cipeljuk-tovabb","status":"publish","type":"post","link":"https:\/\/mellettedvagyok.hu\/index.php\/2020\/12\/15\/amikor-szuleinket-akarjuk-megmenteni-es-terheiket-cipeljuk-tovabb\/","title":{"rendered":"Amikor sz\u00fcleinket akarjuk megmenteni, \u00e9s terheiket cipelj\u00fck tov\u00e1bb"},"content":{"rendered":"\r\n<p>A legt\u00f6bbet azzal adhatjuk gyermekeinknek, ha boldog, el\u00e9gedett \u00e9letet \u00e9l\u00fcnk. Ha nincsenek nagy lelki viharaink, lelki hull\u00e1mz\u00e1saink, ha b\u00e9k\u00e9ben \u00e9l\u00fcnk a m\u00faltunkkal, meg\u00e9lj\u00fck a jelent, \u00e9s b\u00edzunk a j\u00f6v\u0151ben. Tal\u00e1n ez a legfontosabb ahhoz, hogy gyermekeink harmonikusan fejl\u0151djenek. Az el\u00e9gedett sz\u00fcl\u0151k lelkileg stabilak, \u00e9s ez nagyban megk\u00f6nny\u00edti sz\u00e1mukra a mindennapi neh\u00e9zs\u00e9geikkel val\u00f3 megk\u00fczd\u00e9s\u00fcket. Ezzel pedig er\u0151s mint\u00e1t is szolg\u00e1ltatnak gyerekeiknek arra vonatkoz\u00f3an, hogy mik\u00e9nt m\u0171k\u00f6dtess\u00e9k saj\u00e1t \u00e9let\u00fcket. Ez\u00e9rt sz\u00fcleink \u00e9lete, gondolkod\u00e1sa, az \u00e9lethez val\u00f3 viszonyul\u00e1sa nagyon er\u0151s hat\u00e1ssal van r\u00e1nk, mint ahogy mi pedig saj\u00e1t gyerekeinkre.<\/p>\r\n\r\n\r\n\r\n<p>Azonban gyakori, hogy a sz\u00fcl\u0151p\u00e1rt nem a fent le\u00edrt idillikus \u00e1llapot jellemzi. Sokszor a sz\u00fcl\u0151ket feldolgozatlan s\u00e9r\u00fcl\u00e9seik viszik el\u0151re, cselekedeteiket, gondolkod\u00e1sukat ez hat\u00e1rozza meg, ezeken kereszt\u00fcl szeml\u00e9lik a vil\u00e1got, nagyon gyakran tudattalanul. S\u00e9r\u00fcl\u00e9seik miatt boldogtalanok, el\u00e9gedetlenek, vagy \u00e9pp depresszi\u00f3sak, \u00e9s ezt a hangulati \u00e1llapotot \u00e1tragasztj\u00e1k gyerekeikre is. Ut\u00f3daik tan\u00fai v\u00edv\u00f3d\u00e1saiknak, nem egyszer a sz\u00fcl\u0151k nagyon helytelen\u00fcl be is vonj\u00e1k \u0151ket lelki \u00e9let\u00fck, probl\u00e9m\u00e1ik r\u00e9szletez\u00e9s\u00e9be.<\/p>\r\n\r\n\r\n\r\n<p>Ha csal\u00e1dj\u00e1ban a kisgyerek azt l\u00e1tja, hogy \u00e9desanyja vagy \u00e9desapja boldogtalan, neh\u00e9zs\u00e9gei vannak, gyakran rossz kedv\u0171, akkor azt gondolja, hogy ez miatta van \u00edgy. A gyermek sz\u00e1m\u00e1ra a sz\u00fcl\u0151 a minta, a t\u00f6k\u00e9letes, a hib\u00e1tlan, teh\u00e1t \u0151 nem lehet semmilyen probl\u00e9m\u00e1nak a forr\u00e1sa. Ez\u00e9rt gyerekk\u00e9nt saj\u00e1t mag\u00e1ban kezdi el keresni az okokat. \u00dagy gondolja \u0151 tehet sz\u00fclei rossz lelki \u00e1llapot\u00e1r\u00f3l. Amikor ezt gondolja, ezzel p\u00e1rhuzamosan megpr\u00f3b\u00e1lja sz\u00fcleit boldogg\u00e1 tenni, seg\u00edt ahol tud, megfelel az elv\u00e1r\u00e1soknak, jelen van, \u00e1rgus szemekkel figyeli \u0151ket, j\u00f3l viselkedik. Ennek pedig az lesz az \u00e1ra, hogy a gyerek lemond saj\u00e1t v\u00e1gyair\u00f3l, mindarr\u00f3l, ami sz\u00e1m\u00e1ra fontos, \u00e9s a sz\u00fcleit helyezi el\u0151t\u00e9rbe. Ezzel stresszess\u00e9, \u00f6r\u00f6mtelenn\u00e9 v\u00e1lik. A pr\u00f3b\u00e1lkoz\u00e1sa hi\u00e1ba val\u00f3, hisz sz\u00fcleinek nem vele van probl\u00e9m\u00e1ja, hanem saj\u00e1t magukkal, egym\u00e1ssal. De tov\u00e1bb pr\u00f3b\u00e1lkozik, az\u00e9rt, hogy sz\u00fclei \u00fajra a sz\u00fclei tudjanak lenni, megint r\u00e1 tudjanak figyelni, \u00e9s megint megkapja azt a szeretetet, amit\u0151l a l\u00e9te f\u00fcgg. A gyerek, ha megpr\u00f3b\u00e1l k\u00f6nny\u00edteni sz\u00fclei terhein, egy\u00fattal a gyermeki l\u00e9t\u00e9t\u0151l is megfoszt\u00f3dik, hiszen neki nem feladata felel\u0151ss\u00e9get v\u00e1llalni sz\u00fclei \u00e9let\u00e9\u00e9rt. Olyan terheket vesz v\u00e1llaira, amiket nem b\u00edrhat el, \u00e9s ez szinte megb\u00e9n\u00edtja. Felcser\u00e9l\u0151dnek a szerepek, \u0151 l\u00e9p sz\u00fcl\u0151i szerepk\u00f6rbe, \u00e9s ez pedig egy meghasonlott lelki \u00e1llapotot eredm\u00e9nyez n\u00e1la. Nagyon kor\u00e1n fel kell n\u0151nie, nem lesz meg a gyermeki l\u00e9t\u00e9nek \u00e9lm\u00e9nye, \u00e9s ezt k\u00e9s\u0151bb majd a kapcsolataiban szeretn\u00e9 bep\u00f3tolni.<\/p>\r\n\r\n\r\n\r\n<p>M\u00e1sr\u00e9szt az is jellemz\u0151 lehet, hogy a gyerekek sz\u00fclei terheit \u00e1tv\u00e1llalj\u00e1k lojalit\u00e1sb\u00f3l, az\u00e9rt, hogy sz\u00fcleit tehermentes\u00edts\u00e9k. Hogy nekik k\u00f6nnyebb legyen az \u00e9let\u00fck. Ez lehet egy \u00e1tv\u00e1llalt gy\u00e1sz, egy betegs\u00e9g terhe, rossz cselekedet miatti vezekl\u00e9s, vagy neh\u00e9z \u00e9s f\u00e1jdalmas sors. De ezekkel a s\u00falyos terhekkel nem tudnak mit kezdeni, m\u00e9gis, nagyon gyakran feln\u0151ttk\u00e9nt is cipelik tov\u00e1bb, mint egy hatalmas batyut. K\u00f6zben azt \u00e9rzik, hogy ezekkel az \u00e1tvett neh\u00e9zs\u00e9gekkel nem tudj\u00e1k \u00e9lni az \u00e9let\u00fcket, boldogtalanok, ki\u00fcresedettek, nem \u00e9rnek el sikereket, \u00e9s nem \u00e9rtik, hogy mi\u00e9rt t\u00f6rt\u00e9nik ez vel\u00fck. L\u00e1tsz\u00f3lag minden\u00fck megvan, m\u00e9gsem \u00e9reznek el\u00e9gedetts\u00e9get, boldogs\u00e1got.<\/p>\r\n\r\n\r\n\r\n<p>Tudnunk kell, hogy sz\u00fcleink sors\u00e1t nem \u00e9lhetj\u00fck, feladataikat nem oldhatjuk meg, nem v\u00e1llalhatjuk \u00e1t az \u00e9letre sz\u00e1nt csomagjaikat. Azokat nekik kell v\u00e9gig vinni\u00fck, megoldaniuk, cipelni\u00fck, nem seg\u00edthet\u00fcnk nekik ebben, hi\u00e1ba szeretn\u00e9nk. Az \u00e9let\u00fck az \u0151 felel\u0151ss\u00e9g\u00fck, gyerekk\u00e9nt nem v\u00e1llalhatjuk ezt \u00e1t. K\u00e9ptelenek vagyunk arra, hogy megments\u00fck \u0151ket. Nem ritk\u00e1n ez a tudatalattinkban megb\u00fav\u00f3 s\u00falyos b\u0171ntudatunk oka, \u00e9s csak tudatos szintre hoz\u00e1s\u00e1val, a m\u0171k\u00f6d\u0151 mint\u00e1inkra val\u00f3 r\u00e1ismer\u00e9ssel tudunk megszabadulni t\u0151le.<\/p>\r\n\r\n\r\n\r\n<p class=\"justify\">Ha \u00fagy \u00e9rzed, mintha nem a saj\u00e1t \u00e9letedet \u00e9ln\u00e9d, \u00e9rdemes mintegy k\u00edv\u00fclr\u0151l r\u00e1n\u00e9zni sz\u00fcleid \u00e9let\u00e9re. Lehet, hogy tudat alatt terheik \u00e1tv\u00e1llal\u00e1s\u00e1val az \u0151 sorsukat viszed a v\u00e1llaidon, \u00e9s ez\u00e9rt vagy sikertelen, frusztr\u00e1lt vagy boldogtalan.<\/p>\r\n","protected":false},"excerpt":{"rendered":"<p>A legt\u00f6bbet azzal adhatjuk gyermekeinknek, ha boldog, el\u00e9gedett \u00e9letet \u00e9l\u00fcnk. Ha nincsenek nagy lelki viharaink, lelki hull\u00e1mz\u00e1saink, ha b\u00e9k\u00e9ben \u00e9l\u00fcnk a m\u00faltunkkal, meg\u00e9lj\u00fck a jelent, \u00e9s b\u00edzunk a j\u00f6v\u0151ben. Tal\u00e1n ez a legfontosabb ahhoz, hogy gyermekeink harmonikusan fejl\u0151djenek. Az el\u00e9gedett sz\u00fcl\u0151k lelkileg stabilak, \u00e9s ez nagyban megk\u00f6nny\u00edti sz\u00e1mukra a mindennapi neh\u00e9zs\u00e9geikkel val\u00f3 megk\u00fczd\u00e9s\u00fcket. Ezzel pedig [&hellip;]<\/p>\n","protected":false},"author":3,"featured_media":248,"comment_status":"closed","ping_status":"closed","sticky":false,"template":"","format":"standard","meta":{"_monsterinsights_skip_tracking":false,"_monsterinsights_sitenote_active":false,"_monsterinsights_sitenote_note":"","_monsterinsights_sitenote_category":0},"categories":[9,11,15,16],"tags":[],"_links":{"self":[{"href":"https:\/\/mellettedvagyok.hu\/index.php\/wp-json\/wp\/v2\/posts\/247"}],"collection":[{"href":"https:\/\/mellettedvagyok.hu\/index.php\/wp-json\/wp\/v2\/posts"}],"about":[{"href":"https:\/\/mellettedvagyok.hu\/index.php\/wp-json\/wp\/v2\/types\/post"}],"author":[{"embeddable":true,"href":"https:\/\/mellettedvagyok.hu\/index.php\/wp-json\/wp\/v2\/users\/3"}],"replies":[{"embeddable":true,"href":"https:\/\/mellettedvagyok.hu\/index.php\/wp-json\/wp\/v2\/comments?post=247"}],"version-history":[{"count":2,"href":"https:\/\/mellettedvagyok.hu\/index.php\/wp-json\/wp\/v2\/posts\/247\/revisions"}],"predecessor-version":[{"id":290,"href":"https:\/\/mellettedvagyok.hu\/index.php\/wp-json\/wp\/v2\/posts\/247\/revisions\/290"}],"wp:featuredmedia":[{"embeddable":true,"href":"https:\/\/mellettedvagyok.hu\/index.php\/wp-json\/wp\/v2\/media\/248"}],"wp:attachment":[{"href":"https:\/\/mellettedvagyok.hu\/index.php\/wp-json\/wp\/v2\/media?parent=247"}],"wp:term":[{"taxonomy":"category","embeddable":true,"href":"https:\/\/mellettedvagyok.hu\/index.php\/wp-json\/wp\/v2\/categories?post=247"},{"taxonomy":"post_tag","embeddable":true,"href":"https:\/\/mellettedvagyok.hu\/index.php\/wp-json\/wp\/v2\/tags?post=247"}],"curies":[{"name":"wp","href":"https:\/\/api.w.org\/{rel}","templated":true}]}}