{"id":188,"date":"2020-12-15T08:34:35","date_gmt":"2020-12-15T08:34:35","guid":{"rendered":"http:\/\/mellettedvagyok.hu\/?p=188"},"modified":"2021-03-04T10:04:38","modified_gmt":"2021-03-04T10:04:38","slug":"a-hala-erzesen-keresztul-erkezik-el-hozzad-meg-tobb-jo","status":"publish","type":"post","link":"https:\/\/mellettedvagyok.hu\/index.php\/2020\/12\/15\/a-hala-erzesen-keresztul-erkezik-el-hozzad-meg-tobb-jo\/","title":{"rendered":"A h\u00e1la \u00e9rz\u00e9s\u00e9n kereszt\u00fcl \u00e9rkezik el hozz\u00e1d m\u00e9g t\u00f6bb j\u00f3"},"content":{"rendered":"\r\n<p>A minap kutyas\u00e9t\u00e1ltat\u00e1s k\u00f6zben vettem \u00e9szre, hogy az egyik k\u00f6zt\u00e9ri szemetestart\u00f3 konzolj\u00e1ba belef\u0171ztek egy nejlon zacsk\u00f3t, ami p\u00e1r zseml\u00e9t rejtett. M\u00e9g meg is csod\u00e1ltam az abszurdit\u00e1s\u00e1t, hogy vajon ki tette oda? Vajon j\u00f3sz\u00e1nd\u00e9k gyan\u00e1nt, hogy ezt majd valaki elviszi, mert nem nagyon van v\u00e1laszt\u00e1sa, ez az egyetlen m\u00f3dja, hogy valamit egyen?<\/p>\r\n\r\n\r\n\r\n<p>Akkor is, mint sok m\u00e1s alkalommal tudatosult bennem, hogy milyen sokszor hib\u00e1ztatjuk a sorsot, panaszkodunk, ny\u0171g\u00f6sk\u00f6d\u00fcnk, el\u00e9gedetlenked\u00fcnk, a negat\u00edv t\u00f6rt\u00e9n\u00e9sekre koncentr\u00e1lunk, mik\u00f6zben minden olyant a magunk\u00e9nak tudhatunk, ami\u00e9rt m\u00e1sok b\u00e1rmit megadn\u00e1nak.<\/p>\r\n\r\n\r\n\r\n<p>Minden n\u00e9z\u0151pont k\u00e9rd\u00e9se, \u00e9s a h\u00e1la egy pozit\u00edv szeml\u00e9letm\u00f3dot ind\u00edt el az ember gondolataiban, amikor nem a napi gondokra koncentr\u00e1lunk, hanem arra, ami mi\u00e9nk, ami a rendelkez\u00e9s\u00fcnkre \u00e1ll. Sokszor mag\u00e1t\u00f3l \u00e9rtet\u0151d\u0151 az \u00e9tel az asztalon, a tet\u0151 a fej\u00fcnk felett, vagy az eg\u00e9szs\u00e9g\u00fcnk, a boldog gyerekeink, de nem az. Nem mindenkinek az. Annak a hajl\u00e9ktalannak, aki elvitte reggelire a szemetes mell\u00e9 kitett zseml\u00e9ket, nem az. M\u00e9gis h\u00e1l\u00e1s lehetett \u00e9rte, mert aznap volt mit ennie.<\/p>\r\n\r\n\r\n\r\n<p>A h\u00e1la \u00e9rz\u00e9se a mindennapi \u00e9let\u00fcnk r\u00e9sze kellene, hogy legyen. Minden este, vagy reggel v\u00e9gig gondolva, hogy mi\u00e9rt is mondhatunk k\u00f6sz\u00f6netet. Ha erre r\u00e1\u00e1ll a sz\u00edv\u00fcnk, lelk\u00fcnk, k\u00e9s\u0151bb olyan j\u00f3 dolgokat is megl\u00e1tunk az \u00e9let\u00fcnkben, amelyeket addig nem, \u00e9s r\u00e1j\u00f6v\u00fcnk, hogy rengeteg dolog van az \u00e9let\u00fcnkben, ami\u00e9rt h\u00e1l\u00e1sak lehet\u00fcnk.<\/p>\r\n\r\n\r\n\r\n<p>A h\u00e1la megtan\u00edt benn\u00fcnket arra, hogy a j\u00f3 dolgokra f\u00f3kusz\u00e1ljunk, \u00e9s ne azt l\u00e1ssuk meg a napunkban, hogy t\u00f6rt\u00e9ntek rossz dolgok, \u00e9s ezek sz\u00e1munkra b\u00fcntet\u00e9sek, hanem hogy voltak apr\u00f3 pillanatok, amik \u00f6r\u00f6mteli \u00e9rz\u00e9seket, \u00e9lm\u00e9nyeket hoztak.<\/p>\r\n\r\n\r\n\r\n<p>A lelki harm\u00f3nia z\u00e1loga a h\u00e1la gyakorl\u00e1sa. Sokkal b\u00e9k\u00e9sebb, kiegyens\u00falyozottabb lesz az az ember, aki erre k\u00e9pes, \u00e9s mindennap tudatos\u00edtja mag\u00e1ban hogy mennyi mindene van, ami m\u00e1soknak nincs.<\/p>\r\n\r\n\r\n\r\n<p>M\u00e1r gyerekkorban gyakorolni kellene ezt, hogy a kicsik \u00fagy n\u0151jenek fel, hogy tudj\u00e1k, hogy semmi sem mag\u00e1t\u00f3l \u00e9rtet\u0151d\u0151, \u00e9s milyen csod\u00e1latos \u00e9szrevenni azokat a dolgokat, ami neki van, sz\u00e1m\u00e1ra el\u00e9rhet\u0151.<\/p>\r\n\r\n\r\n\r\n<p>Egy magyar kutat\u00f3 (Dr. Ferenczi Andrea) v\u00e9gzett hajl\u00e9ktalanok k\u00f6r\u00e9ben egy kutat\u00e1st, amiben felk\u00e9rte \u0151ket, hogy vezessenek h\u00e1lanapl\u00f3t, amelybe rendszeresen fel\u00edrt\u00e1k azokat a dolgokat, ami\u00e9rt napi szinten h\u00e1l\u00e1sak lehettek. A kutat\u00e1s \u00f6sszegz\u00e9sek\u00e9nt az v\u00e1lt vil\u00e1goss\u00e1, hogy ezek az emberek ugyanannyi j\u00f3t tal\u00e1ltak az \u00e9let\u00fckben, mint azok, akik j\u00f3l\u00e9tben \u00e9lnek. A h\u00e1la \u00e9rz\u00e9se teh\u00e1t nem att\u00f3l f\u00fcgg, hogy val\u00f3j\u00e1ban mennyi minden\u00fcnk van, milyen anyagi javaink vannak, hanem egy szeml\u00e9letm\u00f3d.<\/p>\r\n\r\n\r\n\r\n<p class=\"justify\">Minden ezen m\u00falik, hogy k\u00e9pes vagy-e \u00e9szrevenni mindazt, ami\u00e9rt k\u00f6sz\u00f6netet mondhatsz. Ha ezt el tudod saj\u00e1t\u00edtani, akkor teret adsz a szeretet \u00e1raml\u00e1s\u00e1nak, \u00e9s ez m\u00e9g t\u00f6bb j\u00f3t hoz el majd az \u00e9letedbe.<\/p>\r\n","protected":false},"excerpt":{"rendered":"<p>A minap kutyas\u00e9t\u00e1ltat\u00e1s k\u00f6zben vettem \u00e9szre, hogy az egyik k\u00f6zt\u00e9ri szemetestart\u00f3 konzolj\u00e1ba belef\u0171ztek egy nejlon zacsk\u00f3t, ami p\u00e1r zseml\u00e9t rejtett. M\u00e9g meg is csod\u00e1ltam az abszurdit\u00e1s\u00e1t, hogy vajon ki tette oda? Vajon j\u00f3sz\u00e1nd\u00e9k gyan\u00e1nt, hogy ezt majd valaki elviszi, mert nem nagyon van v\u00e1laszt\u00e1sa, ez az egyetlen m\u00f3dja, hogy valamit egyen? Akkor is, mint sok [&hellip;]<\/p>\n","protected":false},"author":3,"featured_media":189,"comment_status":"closed","ping_status":"closed","sticky":false,"template":"","format":"standard","meta":{"_monsterinsights_skip_tracking":false,"_monsterinsights_sitenote_active":false,"_monsterinsights_sitenote_note":"","_monsterinsights_sitenote_category":0},"categories":[10],"tags":[],"_links":{"self":[{"href":"https:\/\/mellettedvagyok.hu\/index.php\/wp-json\/wp\/v2\/posts\/188"}],"collection":[{"href":"https:\/\/mellettedvagyok.hu\/index.php\/wp-json\/wp\/v2\/posts"}],"about":[{"href":"https:\/\/mellettedvagyok.hu\/index.php\/wp-json\/wp\/v2\/types\/post"}],"author":[{"embeddable":true,"href":"https:\/\/mellettedvagyok.hu\/index.php\/wp-json\/wp\/v2\/users\/3"}],"replies":[{"embeddable":true,"href":"https:\/\/mellettedvagyok.hu\/index.php\/wp-json\/wp\/v2\/comments?post=188"}],"version-history":[{"count":1,"href":"https:\/\/mellettedvagyok.hu\/index.php\/wp-json\/wp\/v2\/posts\/188\/revisions"}],"predecessor-version":[{"id":190,"href":"https:\/\/mellettedvagyok.hu\/index.php\/wp-json\/wp\/v2\/posts\/188\/revisions\/190"}],"wp:featuredmedia":[{"embeddable":true,"href":"https:\/\/mellettedvagyok.hu\/index.php\/wp-json\/wp\/v2\/media\/189"}],"wp:attachment":[{"href":"https:\/\/mellettedvagyok.hu\/index.php\/wp-json\/wp\/v2\/media?parent=188"}],"wp:term":[{"taxonomy":"category","embeddable":true,"href":"https:\/\/mellettedvagyok.hu\/index.php\/wp-json\/wp\/v2\/categories?post=188"},{"taxonomy":"post_tag","embeddable":true,"href":"https:\/\/mellettedvagyok.hu\/index.php\/wp-json\/wp\/v2\/tags?post=188"}],"curies":[{"name":"wp","href":"https:\/\/api.w.org\/{rel}","templated":true}]}}