{"id":144,"date":"2020-12-15T07:32:26","date_gmt":"2020-12-15T07:32:26","guid":{"rendered":"http:\/\/mellettedvagyok.hu\/?p=144"},"modified":"2021-03-03T18:04:33","modified_gmt":"2021-03-03T18:04:33","slug":"erzelmi-seruleseink-a-megalazas","status":"publish","type":"post","link":"https:\/\/mellettedvagyok.hu\/index.php\/2020\/12\/15\/erzelmi-seruleseink-a-megalazas\/","title":{"rendered":"\u00c9rzelmi s\u00e9r\u00fcl\u00e9seink \u2013 A megal\u00e1z\u00e1s"},"content":{"rendered":"\r\n<p>Ha gyakran ker\u00fclsz megal\u00e1z\u00f3 helyzetekbe, f\u00e9lsz a kellemetlen szitu\u00e1ci\u00f3kt\u00f3l, \u00e9s emberekt\u0151l, ha f\u00e9lsz att\u00f3l, hogy kinyilv\u00e1n\u00edtsd saj\u00e1t sz\u00fcks\u00e9gleteidet, ha szenvedsz att\u00f3l, hogy m\u00e1s emberek azt \u00e9reztetik veled hogy m\u00e9ltatlan vagy, akkor ez az \u00edr\u00e1s neked sz\u00f3l.<\/p>\r\n\r\n\r\n\r\n<p>Ez a s\u00e9r\u00fcl\u00e9s akkor j\u00f6n l\u00e9tre, amikor a gyermek \u00fagy \u00e9rzi, hogy egyik sz\u00fcl\u0151je sz\u00e9gyelli mag\u00e1t miatta. Kisgyermekkorban, amikor az egy-k\u00e9t \u00e9vesek kezdik felfedezni a vil\u00e1got, nem \u00e9reznek semmit sz\u00e9gyenletesnek, sz\u00e9gyellni val\u00f3nak, vagy gusztustalannak. \u00c1m ha valamilyen tev\u00e9kenys\u00e9g\u00fck hat\u00e1s\u00e1ra a sz\u00fcl\u0151 megszidja emiatt (pl. bepisil, vagy kezdi felfedezni a test\u00e9t), vagy megal\u00e1z\u00f3 m\u00f3don besz\u00e9l vele, akkor ez a s\u00e9r\u00fcl\u00e9s aktiv\u00e1l\u00f3dik. A gyerek m\u00e1r nagyon fiatal kor\u00e1ban k\u00e9pes \u00e9rz\u00e9kelni a sz\u00fclei undor\u00e1t, \u00e9s ett\u0151l megal\u00e1zva vagy sz\u00e9gyenletesnek \u00e9rzi mag\u00e1t.<\/p>\r\n\r\n\r\n\r\n<p>Ezt a s\u00e9r\u00fcl\u00e9st t\u00f6bbnyire az any\u00e1val \u00e9lj\u00fck \u00e1t, \u00e9s a mazochista maszkj\u00e1t hozza l\u00e9tre a s\u00e9r\u00fcl\u00e9st \u00e1t\u00e9l\u0151 gyermek. Ez azt jelenti, hogy szereti, \u00e9s \u00f6r\u00f6m\u00e9t leli a szenved\u00e9sben, a f\u00e1jdalmat \u00e9s megal\u00e1z\u00e1st keresi \u00f6ntudatlanul. Akit \u00e9rint, nagyon nehezen l\u00e1tja meg, ismeri be ezt a s\u00e9r\u00fcl\u00e9st, mert ezt is sz\u00e9gyenk\u00e9nt \u00e9li meg.<\/p>\r\n\r\n\r\n\r\n<p>Olyan helyzeteket teremt mag\u00e1nak, amelyben m\u00e1sokr\u00f3l gondoskodhat, \u00edgy addig sem \u00f6nmag\u00e1val foglalkozik, \u00e9s fontosnak \u00e9rezheti mag\u00e1t, viszont panaszkodik emiatt. Er\u0151sen kontroll\u00e1lja k\u00f6rnyezet\u00e9t, mert f\u00e9l att\u00f3l, hogy sz\u00e9gyenkeznie kell szerettei, vagy \u00f6nmaga miatt. A sz\u00e9gyen \u00e9s annak elker\u00fcl\u00e9se teh\u00e1t k\u00f6zponti eleme az \u00e9let\u00e9nek. Emiatt tabukat is kre\u00e1l, mert \u00fagy \u00e9rzi, hogy tilos olyan dolgokr\u00f3l besz\u00e9lni, amik \u00e1ltal sz\u00e9gyellni kellene mag\u00e1t (pl. homoszexualit\u00e1s a csal\u00e1dban, vagy b\u00f6rt\u00f6nviselt csal\u00e1dtagja van, esetleg l\u00e1nyanyak\u00e9nt sz\u00fcl valaki csal\u00e1dj\u00e1ban).<\/p>\r\n\r\n\r\n\r\n<p>T\u00e1rsas\u00e1gban \u00f6nmag\u00e1t haszn\u00e1lja c\u00e9lpontnak, hogy m\u00e1sokat megnevettessen, \u00edgy \u00e9szrev\u00e9tlen\u00fcl is lealacsony\u00edtja, megal\u00e1zza \u00f6nmag\u00e1t. Kicsinek, jelent\u00e9ktelennek tartja mag\u00e1t. Tudat alatt f\u00e9l a szabads\u00e1gt\u00f3l, mert \u00fagy \u00e9rzi, hogy szabadk\u00e9nt olyan helyzetekbe keveredne, amiben sz\u00e9gyellnie kellene mag\u00e1t (pl. egyszerre t\u00f6bb partnere lenne). Ez\u00e9rt is igyekszik m\u00e1sokkal foglalkozni, hogy ne legyen t\u00fal sok szabadideje. F\u00e9l is t\u0151le, de v\u00e1gyik is r\u00e1.<\/p>\r\n\r\n\r\n\r\n<p>Am\u00edg nem gy\u00f3gy\u00edtja be ezt a s\u00e9r\u00fcl\u00e9s\u00e9t, addig olyan embereket \u00e9s helyzeteket vonz, akik vagy amelyek megal\u00e1zz\u00e1k. P\u00e9ld\u00e1ul egy n\u0151 olyan f\u00e9rfit v\u00e1laszt, aki fl\u00f6rt\u00f6l a jelenl\u00e9t\u00e9ben m\u00e1s n\u0151kkel, vagy iszik, \u00e9s k\u00f6z\u00f6ns\u00e9gesen viselkedik m\u00e1sok el\u0151tt.<\/p>\r\n\r\n\r\n\r\n<p>A mazochista t\u00e1pl\u00e1l\u00e9kkal jutalmazza mag\u00e1t, az \u00e9tel szeretet p\u00f3tszerk\u00e9nt is m\u0171k\u00f6dik n\u00e1la.<\/p>\r\n\r\n\r\n\r\n<p>A szexet gyakran mocskosnak, sz\u00e9gyenletesnek \u00e9rzi, \u00e9s min\u00e9l ink\u00e1bb \u00edgy van, ann\u00e1l nagyobb a val\u00f3sz\u00edn\u0171s\u00e9ge, hogy zaklat\u00e1snak, ab\u00fazusnak lesz kit\u00e9ve, \u00e9s gyakori az is, hogy err\u0151l nem besz\u00e9l, illetve ha m\u00e9gis elmes\u00e9li, \u0151t hib\u00e1ztatj\u00e1k emiatt. Emiatt is van az, hogy &#8211; megmutatkozva a test fel\u00e9p\u00edt\u00e9s\u00e9n- nagyobb mennyis\u00e9g\u0171 zs\u00edrt \u201ev\u00e9d\u0151falat\u201d \u00e9p\u00edt ki a n\u0151 a szexu\u00e1lis z\u00f3n\u00e1i k\u00f6rny\u00e9k\u00e9n: has\u00e1n, fenek\u00e9n, combjain, olyan logika ment\u00e9n, hogy \u00edgy kev\u00e9sb\u00e9 lesz felt\u0171n\u0151, szexis, \u00e9s \u00edgy b\u00e9k\u00e9n hagyj\u00e1k \u0151ket.<\/p>\r\n\r\n\r\n\r\n<p>Gyakran m\u00e9ltatlannak tal\u00e1lja mag\u00e1t: p\u00e9ld\u00e1ul m\u00e9ltatlannak a szeretetre vagy az elismer\u00e9sre. Ha \u00edgy tekint mag\u00e1ra, akkor \u00fagy \u00e9rzi, nem \u00e9rdemli meg, hogy \u00f6r\u00f6met okozzon mag\u00e1nak &#8211; csak a szenved\u00e9st \u00e9rdemli meg.<\/p>\r\n\r\n\r\n\r\n<p>Gyakran a f\u00e1j a h\u00e1ta, mert nagy \u00e9rzelmi terheket cipel. Emellett gyakori a torokf\u00e1j\u00e1s n\u00e1la, mert nem meri kifejezni k\u00edv\u00e1ns\u00e1gait. Pajzsmirigy probl\u00e9m\u00e1k is k\u00ednozz\u00e1k emiatt. Hajlamos a sz\u00edvprobl\u00e9m\u00e1kra is, mert nem szereti el\u00e9gg\u00e9 \u00f6nmag\u00e1t.<\/p>\r\n\r\n\r\n\r\n<p>A mazochista oly m\u00e9rt\u00e9kben k\u00e9ptelen kapcsolatba l\u00e9pni a saj\u00e1t sz\u00fcks\u00e9gleteivel, hogy nagyon gyakran l\u00e1thatjuk, hogy m\u00e1soknak megteszi, amit \u00f6nmag\u00e1nak nem. Ha k\u00e9pes lenne megengedni mag\u00e1nak, hogy sz\u00e9gyen\u00e9rzet \u00e9s b\u0171ntudat n\u00e9lk\u00fcl, sz\u00fcks\u00e9gletei szerint szabad legyen, a teste v\u00e9konyabb\u00e1 v\u00e1lna, mert felszabadulna benne az energia.<\/p>\r\n\r\n\r\n\r\n<p class=\"justify\">Testalkat\u00e1ra jellemz\u0151, hogy g\u00f6mb\u00f6ly\u0171, h\u00e1ta sz\u00e9les, gyakran kerek az arca, tekintete \u00e1rtatlan, mint egy gyermek\u00e9.<\/p>\r\n","protected":false},"excerpt":{"rendered":"<p>Ha gyakran ker\u00fclsz megal\u00e1z\u00f3 helyzetekbe, f\u00e9lsz a kellemetlen szitu\u00e1ci\u00f3kt\u00f3l, \u00e9s emberekt\u0151l, ha f\u00e9lsz att\u00f3l, hogy kinyilv\u00e1n\u00edtsd saj\u00e1t sz\u00fcks\u00e9gleteidet, ha szenvedsz att\u00f3l, hogy m\u00e1s emberek azt \u00e9reztetik veled hogy m\u00e9ltatlan vagy, akkor ez az \u00edr\u00e1s neked sz\u00f3l. Ez a s\u00e9r\u00fcl\u00e9s akkor j\u00f6n l\u00e9tre, amikor a gyermek \u00fagy \u00e9rzi, hogy egyik sz\u00fcl\u0151je sz\u00e9gyelli mag\u00e1t miatta. Kisgyermekkorban, amikor [&hellip;]<\/p>\n","protected":false},"author":3,"featured_media":145,"comment_status":"closed","ping_status":"closed","sticky":false,"template":"","format":"standard","meta":{"_monsterinsights_skip_tracking":false,"_monsterinsights_sitenote_active":false,"_monsterinsights_sitenote_note":"","_monsterinsights_sitenote_category":0},"categories":[5,10],"tags":[],"_links":{"self":[{"href":"https:\/\/mellettedvagyok.hu\/index.php\/wp-json\/wp\/v2\/posts\/144"}],"collection":[{"href":"https:\/\/mellettedvagyok.hu\/index.php\/wp-json\/wp\/v2\/posts"}],"about":[{"href":"https:\/\/mellettedvagyok.hu\/index.php\/wp-json\/wp\/v2\/types\/post"}],"author":[{"embeddable":true,"href":"https:\/\/mellettedvagyok.hu\/index.php\/wp-json\/wp\/v2\/users\/3"}],"replies":[{"embeddable":true,"href":"https:\/\/mellettedvagyok.hu\/index.php\/wp-json\/wp\/v2\/comments?post=144"}],"version-history":[{"count":1,"href":"https:\/\/mellettedvagyok.hu\/index.php\/wp-json\/wp\/v2\/posts\/144\/revisions"}],"predecessor-version":[{"id":146,"href":"https:\/\/mellettedvagyok.hu\/index.php\/wp-json\/wp\/v2\/posts\/144\/revisions\/146"}],"wp:featuredmedia":[{"embeddable":true,"href":"https:\/\/mellettedvagyok.hu\/index.php\/wp-json\/wp\/v2\/media\/145"}],"wp:attachment":[{"href":"https:\/\/mellettedvagyok.hu\/index.php\/wp-json\/wp\/v2\/media?parent=144"}],"wp:term":[{"taxonomy":"category","embeddable":true,"href":"https:\/\/mellettedvagyok.hu\/index.php\/wp-json\/wp\/v2\/categories?post=144"},{"taxonomy":"post_tag","embeddable":true,"href":"https:\/\/mellettedvagyok.hu\/index.php\/wp-json\/wp\/v2\/tags?post=144"}],"curies":[{"name":"wp","href":"https:\/\/api.w.org\/{rel}","templated":true}]}}