{"id":1036,"date":"2021-10-08T05:37:08","date_gmt":"2021-10-08T05:37:08","guid":{"rendered":"http:\/\/mellettedvagyok.hu\/?p=1036"},"modified":"2021-10-08T17:39:27","modified_gmt":"2021-10-08T17:39:27","slug":"bizz-magadban","status":"publish","type":"post","link":"https:\/\/mellettedvagyok.hu\/index.php\/2021\/10\/08\/bizz-magadban\/","title":{"rendered":"B\u00edzz magadban!"},"content":{"rendered":"<p>Lehet, hogy \u00e9pp mag\u00e1nyosnak, \u00f6sszezavartnak \u00e9rzed magad, mert egy neh\u00e9z \u00e9s f\u00e1jdalmas helyzeten m\u00e9sz kereszt\u00fcl. De tudd, hogy hogy egyszer v\u00e9ge lesz. Ha megl\u00e1tod a bel\u0151le sz\u00e1rmaz\u00f3 tan\u00edt\u00e1st, \u00e9s meg\u00e9rted, hogy mi\u00e9rt j\u00f6tt az \u00e9letedbe, akkor el tudod engedni \u00e9s engedd is el, hogy ne m\u00e9rgezze a harag \u00e9s a f\u00e1jdalom a lelkedet.<\/p>\n<p>Tudd, hogy egyedi vagy \u00e9s k\u00fcl\u00f6nleges, ez\u00e9rt megvan a saj\u00e1t n\u00e9z\u0151pontod a vil\u00e1gr\u00f3l.\u00a0 Nincs veled semmi baj, ha m\u00e1sk\u00e9pp gondolkozol, ne hidd el, ha b\u00e1rki is az ellenkez\u0151j\u00e9t \u00e1ll\u00edtja. Jogod van m\u00e1shogy l\u00e1tni bizonyos helyzeteket. Ez\u00e9rt ne is f\u00fcggj m\u00e1sokt\u00f3l. Semmit nem l\u00e1tnak jobban, csak m\u00e1sk\u00e9pp.<\/p>\n<p>Nem mindenki l\u00e1tja benned a j\u00f3t, akkor sem, ha mindened fel\u00e1ldozod \u00e9rte. Ezen csak te tudsz v\u00e1ltoztatni, a m\u00e1siknak nem lesz \u00e9rdeke. \u0150 kiveszi bel\u0151le a j\u00f3t, \u00e9s el\u00e9gedett, ez\u00e9rt a v\u00e1ltoz\u00e1sban sem \u00e9rdekelt. Ne is gy\u0151zk\u00f6dd err\u0151l, felesleges energia vesztes\u00e9g.<\/p>\n<p>Ne akarj senkinek megfelelni, mert nem fog menni. Egy ideig tal\u00e1n, de ez m\u00f3dszeresen \u00e9s folyamatosan ny\u00edrni fogja az \u00f6nbecs\u00fcl\u00e9sedet, \u00e9s arra neked semmi sz\u00fcks\u00e9ged nincs. Az \u00f6nbecs\u00fcl\u00e9sed dr\u00e1ga kincsed, ne osztogasd el ingyen \u00e9s ne pazarold el szeretet\u00e9rt, elfogad\u00e1s\u00e9rt cser\u00e9be. Aki csak \u00edgy tudja adni, az nem szeret t\u00e9ged, \u00e9s ezt vedd \u00e9szre, miel\u0151tt v\u00e9gleg elhiszed, hogy nem j\u00e1r neked a j\u00f3.<\/p>\n<p>Ne g\u00f6rcs\u00f6lj azon, hogy elfogadjanak. Ahol nem l\u00e1tj\u00e1k az \u00e9rt\u00e9keidet, ott nem vagy j\u00f3 helyen. Onn\u00e9t legyen er\u0151d fel\u00e1llni, \u00e9s higgadtan elk\u00f6sz\u00f6nni, Legyen er\u0151d b\u00facs\u00fat mondani att\u00f3l, aki nem becs\u00fcl, aki \u00e1tn\u00e9z rajtad, nem tisztel t\u00e9ged. Sz\u00fcks\u00e9gtelen bizonygatnod b\u00e1rmit is. Ne fecs\u00e9reld az id\u0151det erre. T\u00fal dr\u00e1ga, \u00e9s gyorsan fogy. Ne pazarold \u00e9rtelmetlens\u00e9gekre, szeretetlens\u00e9gre, meg nem \u00e9rtetts\u00e9gre. Ne v\u00e1daskodj, ne legyen b\u0171ntudatod, csak vedd fel a kab\u00e1tot, \u00e9s l\u00e9pj tov\u00e1bb. M\u00e9g akkor is, ha \u00e1tmeneti k\u00e9nyelmetlens\u00e9g az \u00e1ra. Ne f\u00e9lj egyed\u00fcl lenni, mert mindig ott vagy magadnak \u00e9s sokkal jobb egyed\u00fcl, mint lelkileg ki\u00e9getten, mag\u00e1nyosan. A saj\u00e1t er\u0151d mindig veled van, \u00e9s hidd el, \u00e1t is seg\u00edt minden neh\u00e9zs\u00e9geden!<\/p>\n<p>Szeresd magad, \u00e9s b\u00edzz magadban. Az egyetlen vagy a vil\u00e1gon, aki pontosan tudja, mire van sz\u00fcks\u00e9ged \u00e9rzelmileg. Azokhoz az emberekhez csatlakozz, akik erre k\u00e9pesek rezon\u00e1lni. Akik megl\u00e1tj\u00e1k benned a k\u00fcl\u00f6nlegest.<\/p>\n<p>Olyan emberekhez kapcsol\u00f3dj, akik elfogadnak annak, aki vagy, akik el\u0151tt meg mered mutatni az igazi arcodat. Akik mellett szabad vagy \u00e9s felszabadult. Akik nem j\u00e1tszm\u00e1znak, nem akarnak f\u00f6l\u00e9d kerekedni. Aki szeretnek \u00fagy, ahogy vagy.<\/p>\n<p>Higgy magadban, mert ez a hited visz el oda, ahol lenni szeretn\u00e9l. Ez a hit nyit meg ajt\u00f3kat a teremt\u00e9sed el\u0151tt. Az \u00e9leted min\u0151s\u00e9ge a lelki vil\u00e1god kivet\u00fcl\u00e9se. Ha ezt az \u00f6sszef\u00fcgg\u00e9st k\u00e9pes vagy \u00e9rteni \u00e9s elfogadni, \u00e9s r\u00e1j\u00f6ssz, hogy a sorsodat te alak\u00edtod, akkor nem lesz benned m\u00e1r k\u00e9rd\u00e9s, hogy szerethet\u0151, elfogadhat\u00f3 vagy-e.<\/p>\n<p>Az vagy, higgy benne!<\/p>\n","protected":false},"excerpt":{"rendered":"<p>Lehet, hogy \u00e9pp mag\u00e1nyosnak, \u00f6sszezavartnak \u00e9rzed magad, mert egy neh\u00e9z \u00e9s f\u00e1jdalmas helyzeten m\u00e9sz kereszt\u00fcl. De tudd, hogy hogy egyszer v\u00e9ge lesz. Ha megl\u00e1tod a bel\u0151le sz\u00e1rmaz\u00f3 tan\u00edt\u00e1st, \u00e9s meg\u00e9rted, hogy mi\u00e9rt j\u00f6tt az \u00e9letedbe, akkor el tudod engedni \u00e9s engedd is el, hogy ne m\u00e9rgezze a harag \u00e9s a f\u00e1jdalom a lelkedet. Tudd, hogy [&hellip;]<\/p>\n","protected":false},"author":3,"featured_media":1037,"comment_status":"open","ping_status":"closed","sticky":false,"template":"","format":"standard","meta":{"_monsterinsights_skip_tracking":false,"_monsterinsights_sitenote_active":false,"_monsterinsights_sitenote_note":"","_monsterinsights_sitenote_category":0},"categories":[10],"tags":[],"_links":{"self":[{"href":"https:\/\/mellettedvagyok.hu\/index.php\/wp-json\/wp\/v2\/posts\/1036"}],"collection":[{"href":"https:\/\/mellettedvagyok.hu\/index.php\/wp-json\/wp\/v2\/posts"}],"about":[{"href":"https:\/\/mellettedvagyok.hu\/index.php\/wp-json\/wp\/v2\/types\/post"}],"author":[{"embeddable":true,"href":"https:\/\/mellettedvagyok.hu\/index.php\/wp-json\/wp\/v2\/users\/3"}],"replies":[{"embeddable":true,"href":"https:\/\/mellettedvagyok.hu\/index.php\/wp-json\/wp\/v2\/comments?post=1036"}],"version-history":[{"count":1,"href":"https:\/\/mellettedvagyok.hu\/index.php\/wp-json\/wp\/v2\/posts\/1036\/revisions"}],"predecessor-version":[{"id":1038,"href":"https:\/\/mellettedvagyok.hu\/index.php\/wp-json\/wp\/v2\/posts\/1036\/revisions\/1038"}],"wp:featuredmedia":[{"embeddable":true,"href":"https:\/\/mellettedvagyok.hu\/index.php\/wp-json\/wp\/v2\/media\/1037"}],"wp:attachment":[{"href":"https:\/\/mellettedvagyok.hu\/index.php\/wp-json\/wp\/v2\/media?parent=1036"}],"wp:term":[{"taxonomy":"category","embeddable":true,"href":"https:\/\/mellettedvagyok.hu\/index.php\/wp-json\/wp\/v2\/categories?post=1036"},{"taxonomy":"post_tag","embeddable":true,"href":"https:\/\/mellettedvagyok.hu\/index.php\/wp-json\/wp\/v2\/tags?post=1036"}],"curies":[{"name":"wp","href":"https:\/\/api.w.org\/{rel}","templated":true}]}}