{"id":970,"date":"2021-09-02T17:00:24","date_gmt":"2021-09-02T17:00:24","guid":{"rendered":"http:\/\/mellettedvagyok.hu\/?p=970"},"modified":"2021-09-04T06:13:35","modified_gmt":"2021-09-04T06:13:35","slug":"a-valasztasaink-alakitjak-a-valosagunkat","status":"publish","type":"post","link":"http:\/\/mellettedvagyok.hu\/index.php\/2021\/09\/02\/a-valasztasaink-alakitjak-a-valosagunkat\/","title":{"rendered":"V\u00e1laszt\u00e1saink alak\u00edtj\u00e1k a val\u00f3s\u00e1gunkat"},"content":{"rendered":"<p>B\u00e1rmennyire is neh\u00e9z gondolat: minden, amiben jelenleg vagyunk, amit most \u00e9l\u00fcnk, ami a v\u00e1l\u00f3s\u00e1gunk, azt mi hoztuk l\u00e9tre a v\u00e1laszt\u00e1sainkkal. Tudom, sokkal k\u00f6nnyebb lenne abban hinni, hogy van valamilyen k\u00fcls\u0151 er\u0151, ami ezt meghat\u00e1rozza, \u00e9s eld\u00f6nti, \u00e9s ezzel le is venn\u00e9 a felel\u0151ss\u00e9get a v\u00e1llunkr\u00f3l, de nem \u00edgy van. Egy ideig \u00e9n sem akartam ezt elfogadni. Azt gondoltam, hogy ez valamilyen \u00e9rtelmetlen spiritu\u00e1lis maszlag, amit a spirik lenyomnak az emberek tork\u00e1n. Hogy ha katyvasz az \u00e9let\u00fck, lehet\u0151leg mell\u00e9 m\u00e9g \u00e9rezz\u00e9k is magukat nyomorultul. Hogy nem el\u00e9g a bajuk, m\u00e9g hib\u00e1ztass\u00e1k is \u00f6nmagukat.<\/p>\n<p>De azt\u00e1n volt egy pillanat az \u00e9letemben, amikor kezdtem valamit kapisg\u00e1lni, \u00e9s meg\u00e9rteni, hogy ez akkor is \u00edgy van, ha nekem nem tetszik a gondolat. A sz\u00e1mtalan bennem fut\u00f3 negat\u00edv program \u00e9s hitrendszer sz\u00e9pen k\u00f3dolta bel\u00e9m azt a hitet, hogy nincs v\u00e1laszt\u00e1som. Hogy \u00e9n h\u00e1nyszor mondogattam, hogy \u201eez van\u201d- konstat\u00e1lva, lehet\u0151s\u00e9geim korl\u00e1tozott volt\u00e1t. Azt\u00e1n ennek megfelel\u0151en is alak\u00edtottam a saj\u00e1t \u00e9letemet. Lehet\u0151leg mindig a nehezebb utat v\u00e1lasztottam. Csal\u00e1di \u00f6r\u00f6ks\u00e9gk\u00e9nt megkaptam a <em>k\u00fczdelem az \u00e9let<\/em> programot, amellyel minden d\u00f6nt\u00e9semben benne volt az a fajta bels\u0151v\u00e9 tett elv\u00e1r\u00e1s, hogy lehet\u0151leg neh\u00e9z legyen az az \u00fat, amire l\u00e9pek. Hogy b\u00e1rmibe kezdek, b\u00e1rmit csin\u00e1lok, meg kelljen \u00e9rte harcolnom. Ezt vonzottam be. Mert -mint mindenki, &#8211; loj\u00e1lis voltam a csal\u00e1domhoz, \u00e9s tudattalanul ehhez igaz\u00edtottam mindent. Fel sem mer\u00fclt bennem, hogy egy irre\u00e1lis \u00e9s abszurd elv\u00e1r\u00e1snak felelek meg. Hogy ez nem az \u00e9n saj\u00e1t hitem, hanem megkaptam teherk\u00e9nt, de saj\u00e1tomm\u00e1 tettem. Lassan \u00e9bredtem r\u00e1 erre, mert az ilyet neh\u00e9z felfedezni \u00f6nmagunkban. Nem \u00e9rtettem, hogy mi\u00e9rt van az, hogy valakinek olyan k\u00f6nny\u0171 minden, \u00e9n pedig k\u00fczd\u00f6k v\u00e9gkimer\u00fcl\u00e9sig. Eml\u00e9kszem, h\u00e1nyszor kiakadtam ezen a gondolaton.<\/p>\n<p>Azt\u00e1n egyszer egy \u00e9jszaka arra \u00e9bredtem, hogy valaki k\u00f6zvetlen k\u00f6zelr\u0151l a f\u00fclembe s\u00fagja: \u201ene l\u00e9gy h\u00fclye m\u00e1r, volt\u00e1l eleget.\u201d Persze csak \u00e1lmodtam, de annyira val\u00f3s\u00e1gosnak hatott, hogy ijedten felkapcsoltam a szob\u00e1ban a villanyt \u00e9s k\u00f6r\u00fcln\u00e9ztem. \u00dagy dobogott a sz\u00edvem, hogy majdnem kiszakadt a mellkasomb\u00f3l. A riadalom mell\u00e9 \u00e9rtetlens\u00e9g is t\u00e1rsult, \u00edgy azt\u00e1n m\u00e9g nehezebben \u00e9rtelmeztem a helyzetet. De akkor nem foglalkoztam vele tov\u00e1bb. Viszont csak nem hagyott a gondolat, \u00e9s m\u00e1snap reggel folyamatosan azon agyaltam, hogy ez mit jelenthetett val\u00f3j\u00e1ban. Vicces volt, de \u00e9reztem az \u00fczenetet benne, ami \u00e9rtelmez\u00e9sre v\u00e1rt. Mindig hagytam, hogy az intu\u00edci\u00f3m vezessen, ez\u00e9rt most is r\u00e1b\u00edztam magam.<\/p>\n<p>Azt\u00e1n felsejlett a megold\u00e1s is, \u00e9s lassan, de r\u00e1j\u00f6ttem, hogy az\u00e9rt volt addig k\u00fczdelem az \u00e9letem, mert ez volt a hitem. Ezt v\u00e1rtam el magamt\u00f3l, \u00e9s ez minden v\u00e1laszt\u00e1somat meghat\u00e1rozta. Hogy soha nem a k\u00f6nnyebb fel\u00e9 mentem, hanem megv\u00e1rtam, am\u00edg a bonyolulttal foglalkozhatok. K\u00f6zben pedig a sorsot hib\u00e1ztattam. Nagy <em>aha<\/em> \u00e9lm\u00e9nye volt ez az \u00e9letemnek, hogy r\u00e1j\u00f6ttem erre az \u00f6sszef\u00fcgg\u00e9sre.<\/p>\n<p>Gondolom, rajtam k\u00edv\u00fcl sokan \u00e9lik \u00edgy az \u00e9let\u00fcket, korl\u00e1tok k\u00f6z\u00f6tt, beszab\u00e1lyozva. Akik megfelel\u00e9s k\u00e9nyszerb\u0151l ink\u00e1bb magukat hajl\u00edtj\u00e1k a helyzethez, mintsem a szitu\u00e1ci\u00f3t illeszten\u00e9k az \u00e9let\u00fckh\u00f6z. Akiben tudattalan programok futnak, \u00e9s nem merik a jobbat, a k\u00f6nnyebbet, a kedvez\u0151bbet v\u00e1lasztani. Ez nem mindig jelenti egyben a k\u00f6nnyebb utat is. Gyakran a nehezebb \u00fat az, ami nek\u00fcnk jobb, ami \u00e1ltal t\u00f6bb\u00e9, jobb\u00e1 v\u00e1lhatunk. Ha amellett d\u00f6nt\u00fcnk.<\/p>\n<p>Gyakori, hogy \u00f6nszabot\u00e1zzsal akad\u00e1lyozzuk magunkat, mert nem hisz\u00fcnk abban, hogy j\u00e1r nek\u00fcnk a j\u00f3. Vagy nem tartjuk magunkat arra \u00e9rdemesnek. De mindig van v\u00e1laszt\u00e1sunk, akkor is, ha l\u00e1tsz\u00f3lag csak egy alternat\u00edva van el\u0151tt\u00fcnk. Csup\u00e1n perspekt\u00edv\u00e1t, n\u00e9z\u0151pontot kell v\u00e1ltoztatnunk, hogy megl\u00e1ssuk. Mert gyakran nem vessz\u00fck \u00e9szre a f\u00e1t\u00f3l az erd\u0151t, vagy nem merj\u00fck tudatos\u00edtani magunkban. Mert n\u00e9melyik v\u00e1laszt\u00e1shoz b\u00e1tors\u00e1g is kell. Tal\u00e1n ki kell l\u00e9pni a j\u00f3l megszokott k\u00e9nyelmes kis langymelegb\u0151l, \u00e9s bele kell ugrani az ismeretlenbe. Ezt tettem \u00e9n is, amikor r\u00e1j\u00f6ttem, hogy nem tetszik, amit teremtettem magamnak. Ez\u00e9rt meghoztam egy d\u00f6nt\u00e9st arr\u00f3l, hogy megv\u00e1ltoztatom, \u00fajra\u00edrom, \u00fajra\u00e9p\u00edtem. Mert elhat\u00e1roztam, hogy megtehetem. D\u00f6nthetek arr\u00f3l, hogyan tov\u00e1bb. Ha pedig nem tetszik, majd \u00fajratervezem.<\/p>\n<p>Ha elfogadjuk a gondolatot, hogy felel\u0151sek vagyunk az\u00e9rt, ahol tartunk, sokkal t\u00f6bb\u00e9 v\u00e1lhat az \u00e9let\u00fcnk. Mert ezzel egy\u00fattal enged\u00e9lyt is adunk magunknak arra, hogy b\u00e1rmikor v\u00e1ltoztathatunk rajta. Min\u00e9l el\u0151bb tudatos\u00edtjuk, hogy a mi kez\u00fcnkben van a sorsunk, ann\u00e1l el\u0151bb teremtj\u00fck meg azt a val\u00f3s\u00e1got, amit \u00e9lni szeretn\u00e9nk. A v\u00e1laszt\u00e1saink \u00e1ltal vagyunk azok, akik, \u00e9s \u00e1ltala hozzuk l\u00e9tre saj\u00e1t vil\u00e1gunkat is.<\/p>\n<p><em>Ha hasznosnak \u00e9rzed ezt az \u00edr\u00e1st, k\u00e9rlek seg\u00edts m\u00e1sokhoz is eljuttatni megoszt\u00e1ssal.<\/em><\/p>\n","protected":false},"excerpt":{"rendered":"<p>B\u00e1rmennyire is neh\u00e9z gondolat: minden, amiben jelenleg vagyunk, amit most \u00e9l\u00fcnk, ami a v\u00e1l\u00f3s\u00e1gunk, azt mi hoztuk l\u00e9tre a v\u00e1laszt\u00e1sainkkal. Tudom, sokkal k\u00f6nnyebb lenne abban hinni, hogy van valamilyen k\u00fcls\u0151 er\u0151, ami ezt meghat\u00e1rozza, \u00e9s eld\u00f6nti, \u00e9s ezzel le is venn\u00e9 a felel\u0151ss\u00e9get a v\u00e1llunkr\u00f3l, de nem \u00edgy van. Egy ideig \u00e9n sem akartam ezt [&hellip;]<\/p>\n","protected":false},"author":3,"featured_media":971,"comment_status":"open","ping_status":"closed","sticky":false,"template":"","format":"standard","meta":{"_monsterinsights_skip_tracking":false,"_monsterinsights_sitenote_active":false,"_monsterinsights_sitenote_note":"","_monsterinsights_sitenote_category":0},"categories":[6,12],"tags":[],"_links":{"self":[{"href":"http:\/\/mellettedvagyok.hu\/index.php\/wp-json\/wp\/v2\/posts\/970"}],"collection":[{"href":"http:\/\/mellettedvagyok.hu\/index.php\/wp-json\/wp\/v2\/posts"}],"about":[{"href":"http:\/\/mellettedvagyok.hu\/index.php\/wp-json\/wp\/v2\/types\/post"}],"author":[{"embeddable":true,"href":"http:\/\/mellettedvagyok.hu\/index.php\/wp-json\/wp\/v2\/users\/3"}],"replies":[{"embeddable":true,"href":"http:\/\/mellettedvagyok.hu\/index.php\/wp-json\/wp\/v2\/comments?post=970"}],"version-history":[{"count":3,"href":"http:\/\/mellettedvagyok.hu\/index.php\/wp-json\/wp\/v2\/posts\/970\/revisions"}],"predecessor-version":[{"id":974,"href":"http:\/\/mellettedvagyok.hu\/index.php\/wp-json\/wp\/v2\/posts\/970\/revisions\/974"}],"wp:featuredmedia":[{"embeddable":true,"href":"http:\/\/mellettedvagyok.hu\/index.php\/wp-json\/wp\/v2\/media\/971"}],"wp:attachment":[{"href":"http:\/\/mellettedvagyok.hu\/index.php\/wp-json\/wp\/v2\/media?parent=970"}],"wp:term":[{"taxonomy":"category","embeddable":true,"href":"http:\/\/mellettedvagyok.hu\/index.php\/wp-json\/wp\/v2\/categories?post=970"},{"taxonomy":"post_tag","embeddable":true,"href":"http:\/\/mellettedvagyok.hu\/index.php\/wp-json\/wp\/v2\/tags?post=970"}],"curies":[{"name":"wp","href":"https:\/\/api.w.org\/{rel}","templated":true}]}}