{"id":936,"date":"2021-08-21T12:12:17","date_gmt":"2021-08-21T12:12:17","guid":{"rendered":"http:\/\/mellettedvagyok.hu\/?p=936"},"modified":"2021-08-22T20:49:08","modified_gmt":"2021-08-22T20:49:08","slug":"meltosaggal-tovabblepni","status":"publish","type":"post","link":"http:\/\/mellettedvagyok.hu\/index.php\/2021\/08\/21\/meltosaggal-tovabblepni\/","title":{"rendered":"M\u00e9lt\u00f3s\u00e1ggal tov\u00e1bbl\u00e9pni"},"content":{"rendered":"<p>Lez\u00e1rni valamit, ami addig szerves r\u00e9sze volt \u00e9lt\u00fcnknek, gyakran gy\u00f6trelmesen neh\u00e9z. Mert sok mindent vesz\u00edt\u00fcnk \u00e1ltala, nem csup\u00e1n a szeretett szem\u00e9lyt, hanem vele a kapcsolati st\u00e1tuszt, a hozz\u00e1 tartoz\u00f3 embereket, bar\u00e1tokat, csal\u00e1dtagokat, a biztons\u00e1gunkat, \u00e9s egy id\u0151re a szerethet\u0151s\u00e9g\u00fcnkbe vetett hit\u00fcnket is.<\/p>\n<p>A gy\u00e1szban elt\u00f6lt\u00f6tt hetekben, h\u00f3napokban gyakori vend\u00e9g lesz lelk\u00fcnkben a harag, vagy a tagad\u00e1s, ami r\u00e9sze az elm\u00fal\u00e1s v\u00e9glegess\u00e9ge miatt \u00e9rzett f\u00e1jdalomnak. Ez egy norm\u00e1lis \u00e1llapot, amikor az \u00f6sszeoml\u00e1s ut\u00e1ni romok k\u00f6z\u00f6tt rekonstru\u00e1ljuk az esem\u00e9nyeket, \u00e9s megpr\u00f3b\u00e1ljuk meg\u00e9rteni, elfogadni azt, ami t\u00f6rt\u00e9nt. Amikor v\u00e1laszok ut\u00e1n kutatunk, \u00e9s megk\u00eds\u00e9relj\u00fck \u00fajradefini\u00e1lni \u00f6nmagunkat. Mert ott, akkor, a padl\u00f3r\u00f3l val\u00f3 fel\u00e1ll\u00e1s ut\u00e1n \u00faj ember sz\u00fcletik, a tapasztalataival, a t\u00fal\u00e9l\u00e9s\u00e9vel, a tov\u00e1bbl\u00e9p\u00e9s\u00e9vel egy\u00fctt. Onn\u00e9t m\u00e1r egy m\u00e1s ember \u00e1ll fel, mint az, aki oda lefek\u00fcdt \u00f6sszet\u00f6rten.<\/p>\n<p>Vannak, akik benne ragadnak az \u00f6nsajn\u00e1lat leh\u00faz\u00f3 mocsar\u00e1ban. Akik az okok kutat\u00e1s\u00e1ban od\u00e1ig jutnak el, hogy a m\u00e1sik volt a hib\u00e1s. Hogy \u0151 volt az, aki t\u00f6nkretette az \u00e9let\u00fcket, akire mindent r\u00e1 lehet h\u00fazni. Azt\u00e1n hogy \u00f6nigazol\u00e1sokat keressenek, boldog-boldogtalannal, \u00faton-\u00fatf\u00e9len meg is osztj\u00e1k \u00f6nsajn\u00e1lattal \u00e1titatott mantr\u00e1ikat, ami arr\u00f3l sz\u00f3l, hogy volt a b\u0171n\u00f6s, \u00e9s \u0151, mint \u00e1ldozat. A bar\u00e1tok pedig nem egy esetben adj\u00e1k al\u00e1 a lovat, \u00e9s b\u0151szen b\u00f3logatnak, \u00edt\u00e9lkeznek \u00fagy, hogy nyilv\u00e1nval\u00f3an nem l\u00e1ttak bele a p\u00e1r \u00e9let\u00e9be. V\u00e9gletekig fokozhat\u00f3 ez az \u00e1llapot, amiben a panaszkod\u00f3 energi\u00e1t csapol az \u0151t meghallgat\u00f3 k\u00f6rnyezet\u00e9t\u0151l. Mert \u00edgy egyszer\u0171bb lez\u00e1rni, a felel\u0151ss\u00e9g\u00e9t nem v\u00e1llalva, az \u00e1ldozati szereppel, kiszolg\u00e1ltatottan.<\/p>\n<p>Gyakran a legfontosabbat elfelejtj\u00fck, hogy a mi v\u00e1laszt\u00e1sunk volt, tokkal von\u00f3val egy\u00fctt. Mondhatjuk, hogy az elej\u00e9n nem l\u00e1ttuk, nem olyan volt, m\u00e1s arc\u00e1t mutatta. Pedig a jelek ott voltak, csak nem akartuk l\u00e1tni. Mert a kapcsolat elej\u00e9n gyakran m\u00e9lyaltat\u00e1sban tartjuk \u00f6nmagunkat, hogy csak a sz\u00e9p \u00e9s pozit\u00edv dolgok jussanak el hozz\u00e1nk r\u00f3la. Sz\u00ednes-szagos lufikat \u00e1lmodunk, amik el\u0151bb, vagy ut\u00f3bb, de kipukkadnak. \u00d6n\u00e1ltat\u00e1sban j\u00f3k vagyunk, \u00e9s csod\u00e1s m\u00f3don tudjuk megmagyar\u00e1zni a megmagyar\u00e1zhatatlant.<\/p>\n<p>De minden kapcsolat a mi vonz\u00e1sunk, \u00e9s jellemz\u0151en saj\u00e1t fel nem dolgozott lelki s\u00e9r\u00fcl\u00e9seink meghat\u00e1rozz\u00e1k, hogy kihez vonz\u00f3dunk, kivel ker\u00fcl\u00fcnk kapcsolatba. \u00c1ldozatt\u00e1 akkor v\u00e1lhatunk, ha a kapcsolat el\u0151tt is futott m\u00e1r benn\u00fcnk az a program, hogy kiszolg\u00e1ltatottjai vagyunk saj\u00e1t sorsunknak \u00e9s k\u00f6rnyezet\u00fcnknek. B\u00e1ntani akkor tudnak \u00e9rzelmileg, vagy fizik\u00e1lisan, ha \u00e9rt\u00e9ktelennek tartottuk magunkat a kapcsolat el\u0151tt is. Ha nem v\u00e1llalnak fel benn\u00fcnket, az\u00e9rt t\u00f6rt\u00e9nhetett, mert mi sem v\u00e1llaltuk \u00f6nmagunkat. Fontos, hogy l\u00e1ssuk, \u00e9rts\u00fck a saj\u00e1t felel\u0151ss\u00e9g\u00fcnket is, hiszen ez a feln\u0151tt l\u00e9t egyik ism\u00e9rve.<\/p>\n<p>Igen, f\u00e1j, ha igazs\u00e1gtalans\u00e1g \u00e9r benn\u00fcnket, vagy csal\u00f3d\u00e1st okoznak nek\u00fcnk. Ilyesmire sohasem szolg\u00e1l r\u00e1 az ember. De van lehet\u0151s\u00e9ge arra, hogy fel\u00e1lljon, \u00e9s ki\u00e1lljon \u00f6nmag\u00e1\u00e9rt, vagy pedig tov\u00e1bbl\u00e9pjen, ha tarthatatlan a helyzet. \u00a0Hogy \u00f6sszegy\u0171jtve az erej\u00e9t, megh\u00fazza a hat\u00e1rait, \u00e9s nem csin\u00e1lja tov\u00e1bb. De jellemz\u0151en mindketten beletessz\u00fck a r\u00e9sz\u00fcnket egy kapcsolat hanyatl\u00e1s\u00e1ba. Akkor is, ha ezt nem l\u00e1tjuk, vagy ha nem akarunk r\u00f3la tudom\u00e1st venni. Mert k\u00f6z\u00f6sen hagyjuk elsz\u00fcrk\u00fclni mindennapjainkat, egy\u00fctt k\u00e9nyelmesed\u00fcnk bele a j\u00f3ba, nem vessz\u00fck a f\u00e1radts\u00e1got, nem mutatjuk ki, nem mondjuk el, nem akarjuk, nem hozzuk meg az \u00e1ldozatokat, nem k\u00f6tj\u00fck meg a kompromisszumot. Vagy hatalmi j\u00e1t\u00e9kot j\u00e1tszunk, \u00e9s csak saj\u00e1t \u00e1lmaink szentek. Amikor fontosabb az igazunk, mint a kapcsolatunk. Azt\u00e1n mikor lejtmenetben v\u00e9g\u00fcl a veszt\u00fcnkbe rohanunk, akkor pedig k\u00e9ts\u00e9gbeesve pr\u00f3b\u00e1ln\u00e1nk \u00fajra\u00e9p\u00edteni sz\u00e9tt\u00f6redezett vil\u00e1gunkat, de alapok n\u00e9lk\u00fcl nem lehet rekonstru\u00e1lni, \u00edgy csak foltozgatjuk eredm\u00e9nytelen\u00fcl. Azt\u00e1n m\u00e1r k\u00e9s\u0151 lesz, \u00e9s a mondat v\u00e9g\u00e9re v\u00e9g\u00fcl pont ker\u00fcl.<\/p>\n<p>Azonban fontos \u00e9rteni, hogy minden kapcsolat tan\u00edt, \u00e9s legf\u0151k\u00e9ppen r\u00e1mutat valami nagyon fontos dologra, m\u00e9gpedig arra, hogy mik\u00e9nt \u00e1llunk az \u00f6nelfogad\u00e1ssal, \u00f6nszeretettel \u00e9s az \u00f6nbecs\u00fcl\u00e9ssel. Ha ezt nem vagyunk k\u00e9pesek elfogadni, vagy meg\u00e9rteni, akkor mindig a sors \u00e1ldozataik\u00e9nt hat\u00e1rozzuk meg \u00f6nmagunkat. Akkor mindig kifel\u00e9 mutogatunk, \u00e9s mindig ugyanazokat a k\u00f6r\u00f6ket fogjuk futni. Akkor lehet egym\u00e1s ut\u00e1n t\u00f6bb kapcsolatunk is, mindnek ugyanaz lesz a v\u00e9ge. Mert m\u00e1r eleve hendikeppel indult amiatt, hogy nem \u00e9rtett\u00fck meg az el\u0151z\u0151 tanuls\u00e1gait.<\/p>\n<p>Azt sem szabad elfelejteni, hogy szerett\u00fcnk, \u00e9s voltak k\u00f6z\u00f6s meghat\u00e1roz\u00f3 pillanataink. Ha ezt megtagadjuk, akkor saj\u00e1t magunkat csapjuk be. Igaz, egyszer\u0171bb haragudni, bossz\u00fat esk\u00fcdni, a megbocs\u00e1t\u00e1s mindig nehezebb, de hossz\u00fa t\u00e1von j\u00e1rhat\u00f3bb \u00fat. Egy t\u00e1rs elvesz\u00edt\u00e9se nagyon f\u00e1jdalmas lehet, de ez nem indok arra, hogy bossz\u00fat esk\u00fcdj\u00fcnk, vagy harcot hirdess\u00fcnk ellene. A k\u00f6z\u00f6s vil\u00e1gunk ugyan odalett, de a saj\u00e1tunk nem, az m\u00e9g \u00fajra\u00e9p\u00edthet\u0151. Abban m\u00e9g fontos hinni, hiszen hit n\u00e9lk\u00fcl nem lehet j\u00f6v\u0151t \u00e1lmodni.<\/p>\n<p>Ez\u00e9rt \u00e9rdemes r\u00e1n\u00e9zni saj\u00e1t lelki m\u0171k\u00f6d\u00e9s\u00fcnkre is egy szak\u00edt\u00e1s ut\u00e1n, (persze indokoltabb lenne m\u00e9g a kapcsol\u00f3d\u00e1s el\u0151tt). Hogy miv\u00e9 form\u00e1lt benn\u00fcnket a kapcsolat, mire tan\u00edtott, \u00e9s milyen f\u00e1jdalmas pontokra h\u00edvta fel a figyelmet, mert azzal biztosan dolgunk van.<\/p>\n<p>A lez\u00e1r\u00e1s m\u00f3dja ord\u00edtva \u00fczen r\u00f3lunk. Hogy tudunk-e felemelt f\u0151vel tov\u00e1bbl\u00e9pni v\u00e1daskod\u00e1s, kritiz\u00e1l\u00e1s, hib\u00e1ztat\u00e1s n\u00e9lk\u00fcl, \u00e9s m\u00e9lt\u00f3s\u00e1ggal kezelni vesztes\u00e9geinket. Hogy l\u00e1tjuk-e benne saj\u00e1t szerep\u00fcnket. Hogy megtagadjuk-e a k\u00f6z\u00f6s m\u00faltat, annak f\u00e1jdalmait, vagy tudunk-e vele egy\u00fctt \u00e9lni. Hogy k\u00e9zzel-l\u00e1bbal azon k\u00fczd\u00fcnk, hogy m\u00e9g az eml\u00e9k\u00e9t is kiirtsuk magunkb\u00f3l, vagy h\u00e1l\u00e1sak vagyunk neki a boldog pillanatok\u00e9rt. Mindemellett pedig k\u00e9pesek vagyunk-e arra, hogy elvarrott sz\u00e1lakkal k\u00f6sz\u00f6nj\u00fcnk el t\u0151le.<\/p>\n<p>Ez saj\u00e1t \u00f6nbecs\u00fcl\u00e9s\u00fcnkr\u0151l sz\u00f3l, \u00e9s egy k\u00e9p arr\u00f3l, hogy milyen a viszonyunk \u00f6nmagunkhoz. Mert akiben van emberi tart\u00e1s, az nem ind\u00edt lej\u00e1rat\u00f3 hadj\u00e1ratot volt szerelme ellen, hanem m\u00e9lt\u00f3s\u00e1ggal viseli az elveszt\u00e9s\u00e9t. M\u00e9g akkor is, ha f\u00e1j.<\/p>\n<p>&nbsp;<\/p>\n<p><em>Ha hasznosnak \u00e9rzed ezt az \u00edr\u00e1st, k\u00e9rlek seg\u00edts m\u00e1sokhoz is eljuttatni megoszt\u00e1ssal.<\/em><\/p>\n","protected":false},"excerpt":{"rendered":"<p>Lez\u00e1rni valamit, ami addig szerves r\u00e9sze volt \u00e9lt\u00fcnknek, gyakran gy\u00f6trelmesen neh\u00e9z. Mert sok mindent vesz\u00edt\u00fcnk \u00e1ltala, nem csup\u00e1n a szeretett szem\u00e9lyt, hanem vele a kapcsolati st\u00e1tuszt, a hozz\u00e1 tartoz\u00f3 embereket, bar\u00e1tokat, csal\u00e1dtagokat, a biztons\u00e1gunkat, \u00e9s egy id\u0151re a szerethet\u0151s\u00e9g\u00fcnkbe vetett hit\u00fcnket is. A gy\u00e1szban elt\u00f6lt\u00f6tt hetekben, h\u00f3napokban gyakori vend\u00e9g lesz lelk\u00fcnkben a harag, vagy a [&hellip;]<\/p>\n","protected":false},"author":3,"featured_media":937,"comment_status":"open","ping_status":"closed","sticky":false,"template":"","format":"standard","meta":{"_monsterinsights_skip_tracking":false,"_monsterinsights_sitenote_active":false,"_monsterinsights_sitenote_note":"","_monsterinsights_sitenote_category":0},"categories":[3,9,14],"tags":[],"_links":{"self":[{"href":"http:\/\/mellettedvagyok.hu\/index.php\/wp-json\/wp\/v2\/posts\/936"}],"collection":[{"href":"http:\/\/mellettedvagyok.hu\/index.php\/wp-json\/wp\/v2\/posts"}],"about":[{"href":"http:\/\/mellettedvagyok.hu\/index.php\/wp-json\/wp\/v2\/types\/post"}],"author":[{"embeddable":true,"href":"http:\/\/mellettedvagyok.hu\/index.php\/wp-json\/wp\/v2\/users\/3"}],"replies":[{"embeddable":true,"href":"http:\/\/mellettedvagyok.hu\/index.php\/wp-json\/wp\/v2\/comments?post=936"}],"version-history":[{"count":13,"href":"http:\/\/mellettedvagyok.hu\/index.php\/wp-json\/wp\/v2\/posts\/936\/revisions"}],"predecessor-version":[{"id":950,"href":"http:\/\/mellettedvagyok.hu\/index.php\/wp-json\/wp\/v2\/posts\/936\/revisions\/950"}],"wp:featuredmedia":[{"embeddable":true,"href":"http:\/\/mellettedvagyok.hu\/index.php\/wp-json\/wp\/v2\/media\/937"}],"wp:attachment":[{"href":"http:\/\/mellettedvagyok.hu\/index.php\/wp-json\/wp\/v2\/media?parent=936"}],"wp:term":[{"taxonomy":"category","embeddable":true,"href":"http:\/\/mellettedvagyok.hu\/index.php\/wp-json\/wp\/v2\/categories?post=936"},{"taxonomy":"post_tag","embeddable":true,"href":"http:\/\/mellettedvagyok.hu\/index.php\/wp-json\/wp\/v2\/tags?post=936"}],"curies":[{"name":"wp","href":"https:\/\/api.w.org\/{rel}","templated":true}]}}