{"id":481,"date":"2021-03-07T18:16:34","date_gmt":"2021-03-07T18:16:34","guid":{"rendered":"http:\/\/mellettedvagyok.hu\/?p=481"},"modified":"2021-03-07T18:24:12","modified_gmt":"2021-03-07T18:24:12","slug":"a-gyanus-veletlenek","status":"publish","type":"post","link":"http:\/\/mellettedvagyok.hu\/index.php\/2021\/03\/07\/a-gyanus-veletlenek\/","title":{"rendered":"A gyan\u00fas v\u00e9letlenek"},"content":{"rendered":"<p>T\u00f6rt\u00e9nt m\u00e1r veled olyan, hogy eszedbe jutott egy r\u00e9g nem l\u00e1tott ismer\u0151s\u00f6d, aki m\u00e9g aznap felh\u00edvott telefonon? Vagy olyan szimb\u00f3lumba futott\u00e1l bele, ami t\u00f6bbsz\u00f6r, t\u00f6bbf\u00e9le form\u00e1ban jelent meg neked? \u00c9rezted, hogy ez t\u00f6bb mint furcsa, \u00e9s \u00fczenetet hordozhat? Vagy csak eszedbe jutott egy r\u00e9gi bar\u00e1tod, akit nem l\u00e1tt\u00e1l \u00e9vek \u00f3ta, de meglepet\u00e9sedre m\u00e9g aznap \u00f6sszefutsz vele az utc\u00e1n.<\/p>\n<p>Szinkronicit\u00e1s \u2013 \u00edgy nevezte el a k\u00fcl\u00f6n\u00f6s egybees\u00e9seket Carl Gustav Jung sv\u00e1jci pszichol\u00f3gus. \u00dagy gondolta, van a vil\u00e1gmindens\u00e9gnek egy m\u0171k\u00f6dtet\u0151 elve, ami f\u00fcggetlen az ok-okozati \u00f6sszef\u00fcgg\u00e9sekt\u0151l. Az olyan v\u00e1ratlan egybees\u00e9seket \u00e9rtette ez alatt, amely sorsford\u00edt\u00f3k az ember \u00e9let\u00e9ben. Viszont az embert arra \u00f6szt\u00f6k\u00e9li, hogy tudatoss\u00e1g\u00e1ban seg\u00edtse, kiteljes\u00edtse. Ha nyitott r\u00e1. Vajon van valamif\u00e9le rendez\u0151er\u0151 az ilyen megmagyar\u00e1zhatatlan \u00f6sszef\u00fcgg\u00e9sek k\u00f6z\u00f6tt? Ilyen lehet p\u00e9ld\u00e1ul egy \u00e9jszakai \u00e1lom, amely a k\u00f6vetkez\u0151 napokban val\u00f3s\u00e1gg\u00e1 v\u00e1lik, vagy egy meg\u00e9rz\u00e9s, ami beigazol\u00f3dik.<\/p>\n<p>De a filoz\u00f3fusokat is foglalkoztatta ez az izgalmas k\u00e9rd\u00e9s, t\u00f6bbek k\u00f6z\u00f6tt Shopenhauert is, aki azt v\u00e9lte, hogy a v\u00e1ratlan egybees\u00e9sek az univerzum \u00e1ltal el\u0151re elrendezettek, \u00e9s egyfajta bels\u0151 harm\u00f3ni\u00e1ra utalnak. A filoz\u00f3fia k\u00fcl\u00f6n ir\u00e1nyzata is foglalkozott ezzel a t\u00e9m\u00e1val, m\u00e9gpedig a determinizmus, ami a t\u00f6rt\u00e9n\u00e9sek el\u0151re meghat\u00e1rozott volt\u00e1t hirdette \u00e9s tagadta a v\u00e9letlen l\u00e9tez\u00e9s\u00e9t. Teh\u00e1t m\u00e1r r\u00e9g\u00f3ta izgatja ez a k\u00e9rd\u00e9s az emberis\u00e9get.<\/p>\n<p>Ijeszt\u0151ek, de mindenesetre \u00e9rdekesek lehetnek a megmagyar\u00e1zhatatlan jelens\u00e9gek, ez\u00e9rt gyakran a v\u00e9letlenre fogjuk, mert nem tudunk vele mit kezdeni, azokt\u00f3l \u00e1ltal\u00e1ban tartunk. Ha azonban nyitottak vagyunk ezekre, akkor r\u00e1lelhet\u00fcnk a benn\u00fck megb\u00faj\u00f3 \u00fczenet tartalmukra, \u00e9s az esem\u00e9nyekben rejl\u0151 \u00f6sszef\u00fcgg\u00e9sekre. Esetleg r\u00e1ir\u00e1ny\u00edtj\u00e1k a figyelm\u00fcnket olyan dolgokra, amelyeknek addig nem tulajdon\u00edtottunk jelent\u0151s\u00e9get. Lehet, hogy \u00e9pp munk\u00e1t keres\u00fcnk r\u00e9g\u00f3ta, \u00e9s egy nap egy k\u00e1v\u00e9z\u00f3ban \u00f6sszefutunk egy r\u00e9gi ismer\u0151s\u00fcnkkel, aki felaj\u00e1nl sz\u00e1munkra egy t\u00f6k\u00e9letes lehet\u0151s\u00e9get. Vagy egy rept\u00e9ri v\u00e1rakoz\u00e1s sor\u00e1n olyan emberrel ismerked\u00fcnk \u00f6ssze, akinek k\u00e9s\u0151bbi hivat\u00e1sunk megtal\u00e1l\u00e1s\u00e1t k\u00f6sz\u00f6nhetj\u00fck. B\u00e1rmilyen sorsszer\u0171 esem\u00e9ny ilyen lehet, ami hozz\u00e1seg\u00edt \u00e9let\u00fcnk tov\u00e1bbi alakul\u00e1s\u00e1hoz. Amit els\u0151 k\u00f6rben v\u00e9letlennek titul\u00e1ln\u00e1nk, de k\u00e9s\u0151bb megv\u00e1ltozott \u00e1ltala az \u00e9let\u00fcnk.<\/p>\n<p>Az ilyen t\u00f6rt\u00e9n\u00e9sek hatnak \u00e9let\u00fcnkre, c\u00e9ljainkat megv\u00e1ltoztatj\u00e1k v\u00e1ratlan fordulatokat hozva, esetleg eml\u00e9kezetes tal\u00e1lkoz\u00e1sokat id\u00e9znek el\u0151. Ha valaki tudatosan v\u00e9gigtekint \u00e9let\u00e9n, szinte biztos, hogy fedez fel olyan pontokat, amelyek m\u00e1s \u2013 nem v\u00e1rt \u2013 ir\u00e1nyba terelt\u00e9k sors\u00e1t. A gyan\u00fas v\u00e9letlenek meghat\u00e1rozt\u00e1k kapcsolatait, munk\u00e1j\u00e1t, vagy ak\u00e1r az eg\u00e9szs\u00e9g\u00e9t is.<\/p>\n<p>Van \u00fagy, hogy jelent\u00e9ktelennek t\u0171nik egy-egy t\u00f6rt\u00e9n\u00e9s, \u00e9s csak k\u00e9s\u0151bb j\u00f6v\u00fcnk r\u00e1, hogy sorsszer\u0171 volt. Amikor megt\u00f6rt\u00e9nik, tal\u00e1n m\u00e9g bosszant\u00f3 is lehet, de k\u00e9s\u0151bb kider\u00fcl, hogy minden okkal alakult \u00fagy, ahogy, \u00e9s benn\u00fcnket szolg\u00e1lt.<\/p>\n<p>A kellemetlen egybees\u00e9sek \u00e1ltal\u00e1ban akkor bukkannak fel \u00e9let\u00fcnkben, hogyha a sz\u00fcks\u00e9ges v\u00e1ltoz\u00e1soknak ellen\u00e1llunk, \u00e9s mereven elutas\u00edtjuk \u0151ket. Amit sz\u00fcks\u00e9ges megtanulnunk, amiben sz\u00fcks\u00e9ges fejl\u0151dn\u00fcnk, azt nem tudjuk kiker\u00fclni. A szinkronicit\u00e1s ism\u00e9tl\u0151d\u00e9sk\u00e9nt \u00fajra olyan kih\u00edv\u00e1sokat produk\u00e1l, amellyel valamit kell majd kezden\u00fcnk. P\u00e9ld\u00e1ul ha van egy \u00e9letfeladatunk, akkor olyan helyzetek j\u00f6nnek szembe, ahol musz\u00e1j lesz azt bev\u00e1llalnunk. Akkor is, ha kezdetben menek\u00fcl\u00fcnk el\u0151le. Eg\u00e9szen addig kapjuk meg, am\u00edg meg nem \u00e9rtj\u00fck, \u00e9s el nem fogadjuk.<\/p>\n<p>Aki nyitott a \u201ev\u00e9letlenekre\u201d, megfejtheti az \u00fczenet\u00fcket, ak\u00e1rcsak az \u00e1lmok\u00e9t. Ez\u00e9rt fontos, hogy rugalmasan kezelj\u00fck a v\u00e1ltoz\u00e1sokat, \u00e9s egy\u00fcttm\u0171k\u00f6d\u0151k legy\u00fcnk saj\u00e1t sorsszer\u0171 t\u00f6rt\u00e9n\u00e9seinkkel. Az ellen\u00e1ll\u00e1ssal ugyanis megnehez\u00edtj\u00fck saj\u00e1t \u00e9let\u00fcnket.<\/p>\n","protected":false},"excerpt":{"rendered":"<p>T\u00f6rt\u00e9nt m\u00e1r veled olyan, hogy eszedbe jutott egy r\u00e9g nem l\u00e1tott ismer\u0151s\u00f6d, aki m\u00e9g aznap felh\u00edvott telefonon? Vagy olyan szimb\u00f3lumba futott\u00e1l bele, ami t\u00f6bbsz\u00f6r, t\u00f6bbf\u00e9le form\u00e1ban jelent meg neked? \u00c9rezted, hogy ez t\u00f6bb mint furcsa, \u00e9s \u00fczenetet hordozhat? Vagy csak eszedbe jutott egy r\u00e9gi bar\u00e1tod, akit nem l\u00e1tt\u00e1l \u00e9vek \u00f3ta, de meglepet\u00e9sedre m\u00e9g aznap \u00f6sszefutsz [&hellip;]<\/p>\n","protected":false},"author":3,"featured_media":482,"comment_status":"open","ping_status":"closed","sticky":false,"template":"","format":"standard","meta":{"_monsterinsights_skip_tracking":false,"_monsterinsights_sitenote_active":false,"_monsterinsights_sitenote_note":"","_monsterinsights_sitenote_category":0},"categories":[20],"tags":[],"_links":{"self":[{"href":"http:\/\/mellettedvagyok.hu\/index.php\/wp-json\/wp\/v2\/posts\/481"}],"collection":[{"href":"http:\/\/mellettedvagyok.hu\/index.php\/wp-json\/wp\/v2\/posts"}],"about":[{"href":"http:\/\/mellettedvagyok.hu\/index.php\/wp-json\/wp\/v2\/types\/post"}],"author":[{"embeddable":true,"href":"http:\/\/mellettedvagyok.hu\/index.php\/wp-json\/wp\/v2\/users\/3"}],"replies":[{"embeddable":true,"href":"http:\/\/mellettedvagyok.hu\/index.php\/wp-json\/wp\/v2\/comments?post=481"}],"version-history":[{"count":7,"href":"http:\/\/mellettedvagyok.hu\/index.php\/wp-json\/wp\/v2\/posts\/481\/revisions"}],"predecessor-version":[{"id":489,"href":"http:\/\/mellettedvagyok.hu\/index.php\/wp-json\/wp\/v2\/posts\/481\/revisions\/489"}],"wp:featuredmedia":[{"embeddable":true,"href":"http:\/\/mellettedvagyok.hu\/index.php\/wp-json\/wp\/v2\/media\/482"}],"wp:attachment":[{"href":"http:\/\/mellettedvagyok.hu\/index.php\/wp-json\/wp\/v2\/media?parent=481"}],"wp:term":[{"taxonomy":"category","embeddable":true,"href":"http:\/\/mellettedvagyok.hu\/index.php\/wp-json\/wp\/v2\/categories?post=481"},{"taxonomy":"post_tag","embeddable":true,"href":"http:\/\/mellettedvagyok.hu\/index.php\/wp-json\/wp\/v2\/tags?post=481"}],"curies":[{"name":"wp","href":"https:\/\/api.w.org\/{rel}","templated":true}]}}