{"id":253,"date":"2020-12-15T10:04:12","date_gmt":"2020-12-15T10:04:12","guid":{"rendered":"http:\/\/mellettedvagyok.hu\/?p=253"},"modified":"2021-03-04T15:59:31","modified_gmt":"2021-03-04T15:59:31","slug":"a-parunk-a-leghubb-tukrunk","status":"publish","type":"post","link":"http:\/\/mellettedvagyok.hu\/index.php\/2020\/12\/15\/a-parunk-a-leghubb-tukrunk\/","title":{"rendered":"A p\u00e1runk a legh\u0171bb t\u00fckr\u00fcnk"},"content":{"rendered":"\r\n<p class=\"justify\">P\u00e1runk k\u00edm\u00e9letlen\u00fcl r\u00e1mutat azokra a pontjainkra, amiben fejl\u0151dn\u00fcnk kell. Megmutatja, hogy milyen m\u00f3don vagyunk k\u00e9pes szeretetet adni \u00e9s befogadni, hogy mennyire vagyunk er\u0151sek lelkileg, \u00e9s hogy az eg\u00f3nk m\u0171k\u00f6dtet-e benn\u00fcnket, vagy j\u00e1tszm\u00e1k n\u00e9lk\u00fcl vagyunk k\u00e9pesek \u00e9lni az \u00e9let\u00fcnket. Ami f\u00e1j, ami rosszul esik t\u0151le, azzal feladatunk van. Nem k\u00f6nny\u0171 k\u00e9pet tart el\u00e9nk, ebbe n\u00e9zni n\u00e9ha gy\u00f6trelmesen neh\u00e9z. Hiszen a sebezhet\u0151s\u00e9g\u00fcnket l\u00e1tjuk benne, m\u00faltunk begy\u00f3gy\u00edtatlan s\u00e9r\u00fcl\u00e9seit. Mert \u0151 l\u00e1tja a maszktalan arcunkat, a csupasz lelk\u00fcnket, mint ahogy mi is az \u00f6v\u00e9t.<\/p>\r\n\r\n\r\n\r\n<p>Gyakran egym\u00e1st\u00f3l v\u00e1rjuk a megv\u00e1lt\u00e1st, \u00e9s saj\u00e1t szerethet\u0151s\u00e9g\u00fcnk igazol\u00e1s\u00e1t. Ezt azonban m\u00e1s nem adhatja meg, csakis mi, magunknak. Am\u00edg nem hisz\u00fcnk magunkban, a p\u00e1runk sem lesz k\u00e9pes r\u00e1. \u00c9s ez f\u00e1jni fog, \u00e9s nem \u00e9rtj\u00fck, hogy mi\u00e9rt nem tudja megtenni. \u0150 a h\u0171 t\u00fckr\u00fcnk. A magunkba vetett hit\u00fcnk az \u00f6v\u00e9 is, az \u00f6nszeretet\u00fcnk az \u0151 szeretet\u00e9nek az alapja.<\/p>\r\n\r\n\r\n\r\n<p>Egy szak\u00edt\u00e1s ut\u00e1n az \u00faj kapcsolatba n\u00e9ha \u00fagy vetj\u00fck bele magunkat s\u00e9r\u00fclt lelk\u00fcnkkel, mint egy sz\u00ednes t\u00e1ncforgatagba, moh\u00f3n, szinte esztelen\u00fcl. Nem is t\u00f6r\u0151d\u00fcnk m\u00e1ssal, csak arra v\u00e1gyunk, hogy biztos\u00edtsanak benn\u00fcnket szerethet\u0151s\u00e9g\u00fcnkr\u0151l. P\u00e1runkt\u00f3l v\u00e1rjuk a visszacsatol\u00e1st arr\u00f3l, hogy j\u00f3k \u00e9s \u00e9rt\u00e9kesek vagyunk. Azt\u00e1n lesz egy pillanat, amikor visszah\u0151k\u00f6l\u00fcnk, mert a meger\u0151s\u00edt\u00e9s csak nem \u00e9rkezik meg. Egyszer\u0171en az\u00e9rt, mert nem hissz\u00fck el, hogy ez \u00edgy van, \u0151 hi\u00e1ba is er\u0151s\u00edtgetne ebben benn\u00fcnket. T\u00e1maszkodunk, kapaszkodunk, a p\u00e1runkat a m\u00e1sik fel\u00fcnknek tartjuk. Aki viszont f\u00e9lemberk\u00e9nt tekint saj\u00e1t mag\u00e1ra, az mindig f\u00fcggeni fog a szerelm\u00e9t\u0151l. N\u00e9ha annyira, hogy szinte megfojtjuk a m\u00e1sikat \u00e1lland\u00f3 jelenl\u00e9t\u00fcnkkel, \u00e9s megfelelni v\u00e1gy\u00e1sunkkal. \u00c9s megkezd\u0151dik a se veled, se n\u00e9lk\u00fcled p\u00e1ros mag\u00e1nyos tang\u00f3ja, a k\u00e9t f\u00e9l l\u00e9lek botladoz\u00e1sa, a keserves t\u00e1rsas mag\u00e1ny k\u00edm\u00e9letlen l\u00e9lekpusz\u00edt\u00e1sa. Azt\u00e1n sok esetben az \u00faj kapcsolat is v\u00e9get \u00e9r.<\/p>\r\n\r\n\r\n\r\n<p>Ez\u00e9rt fontos, hogy egy p\u00e1rkapcsolati szak\u00edt\u00e1st k\u00f6vet\u0151en a gy\u00e1szmunk\u00e1t ne akarjuk kisp\u00f3rolni, mert annak van egy folyamata, amiben meggy\u00f3gy\u00edtjuk sebzett lelk\u00fcnket, megtanulunk \u00fajra hinni magunkban, felszegett fejjel j\u00e1rni, \u00e9s megbocs\u00e1tani, elengedni. Ha ezt &#8211; az ugyan f\u00e1jdalmas- peri\u00f3dust kisp\u00f3roljuk, annak az lesz a k\u00f6vetkezm\u00e9nye, hogy r\u00f6gt\u00f6n r\u00e1tapadunk a k\u00f6vetkez\u0151 kiszemeltre, \u00e9s a saj\u00e1t \u00f6nbecs\u00fcl\u00e9s\u00fcnk helyre\u00e1ll\u00edt\u00e1s\u00e1t t\u0151le v\u00e1rjuk. Mivel azonban \u0151 a s\u00e9r\u00fcl\u00e9seinkre tud rezon\u00e1lni, nem fog tudni hozz\u00e1nk kapcsol\u00f3dni, mert nem tal\u00e1l hozz\u00e1 szabad fel\u00fcletet. Ott m\u00e9g a harag, a b\u0171ntudat munk\u00e1l. K\u00f6zben pedig tapadn\u00e1nk elkeseredetten, \u00e9s moh\u00f3n az \u00faj p\u00e1runkra, aki egy id\u0151 ut\u00e1n belef\u00e1rad az \u00e1lland\u00f3 nyomul\u00e1sba, abba, hogy mint egy kisbaba f\u00fcgg\u00fcnk t\u0151le, \u00e9s abba a nyomaszt\u00f3 teherbe, hogy boldogs\u00e1gunkat t\u0151le tessz\u00fck f\u00fcgg\u0151v\u00e9. Az ilyen hendikeppel indul\u00f3 kapcsolatok z\u00f6me kudarcra van \u00edt\u00e9lve a feldolgozatlans\u00e1g miatt. F\u0151leg, ha mindk\u00e9t partner sz\u00e1m\u00e1ra r\u00f6gt\u00f6n indult a kapcsolat a szak\u00edt\u00e1sokat k\u00f6vet\u0151en. A kapcsolat akkor lesz m\u0171k\u00f6d\u0151k\u00e9pes, ha erre a dinamik\u00e1ra r\u00e1ismer a k\u00e9t ember, \u00e9s elkezdik feldolgozni m\u00faltjuk s\u00e9r\u00fcl\u00e9seit. Csakis k\u00e9t \u00e9p lelk\u0171 ember kapcsol\u00f3d\u00e1s\u00e1b\u00f3l lehet eg\u00e9szs\u00e9ges \u00e9letsz\u00f6vets\u00e9g. A tudatoss\u00e1g hi\u00e1ny\u00e1ban ugyanis egym\u00e1st fogj\u00e1k letaposni, mint k\u00e9t tengerben fuldokl\u00f3, akik azon k\u00fczdenek, hogy leveg\u0151h\u00f6z jussanak, \u00e9s ennek az lesz az \u00e1ra, hogy valamelyik\u00fck feje mindig v\u00edz alatt lesz.<\/p>\r\n\r\n\r\n\r\n<p>Ha a harag, az \u00f6nv\u00e1d munk\u00e1l benned, akkor gyakran fogsz bevonzani p\u00e1rod \u00e1ltal olyan helyzeteket, hogy a haragod indokolt legyen, mert haragodnak t\u00e1rgyat, okot keresel. Akkor \u0151 sosem lesz el\u00e9g j\u00f3 sz\u00e1modra. Ez pedig fel\u0151rli az intimit\u00e1st.<\/p>\r\n\r\n\r\n\r\n<p>Boldog kapcsol\u00f3d\u00e1sra, egy tiszta k\u00e9p\u0171 t\u00fck\u00f6rre v\u00e1gysz? Kezd el a munk\u00e1t magadon. J\u00f3 esetben a te v\u00e1ltoz\u00e1sod hat\u00e1ssal lesz a p\u00e1rodra is, \u00e9s az \u00f6nmunka sz\u00e9pen alak\u00edtja a kapcsol\u00f3d\u00e1sotokat. Rosszabb esetben nem fog neki tetszeni a te v\u00e1ltoz\u00e1sod, a fel\u00e9bred\u00e9sed, hiszen \u0151 m\u00e9g aludn\u00e1 tov\u00e1bb komfortz\u00f3n\u00e1n bel\u00fcli m\u00e9ly \u00e1lm\u00e1t. \u00cdgy lassan elfejl\u0151dt\u00f6k egym\u00e1s mellett, \u00e9s ez a szakad\u00e9k lehet, hogy mag\u00e1ba r\u00e1ntja \u0151t. Lehet, hogy onn\u00e9tt\u00f3l m\u00e1r nem lesz mondand\u00f3tok egym\u00e1s sz\u00e1m\u00e1ra, \u00e9s el kell engedj\u00e9tek a kapcsolatot. De \u00e9leted m\u00e1s min\u0151s\u00e9ge azt\u00e1n m\u00e1r m\u00e1s min\u0151s\u00e9g\u0171 kapcsolatokat, magasabb tudatszint\u0171 embereket is vonz. Ez\u00e9rt ne f\u00e9lj a tudatoss\u00e1gt\u00f3l. A f\u00e9ny a sz\u00edvedben m\u00e1r m\u00e1s m\u0171k\u00f6d\u00e9st induk\u00e1l, amely \u00e1ltal boldogabb leszel egy olyan partner oldal\u00e1n, akinek a t\u00fckre egy szeretettel, melegs\u00e9ggel \u00e1titatott k\u00e9pet mutat.<\/p>\r\n\r\n\r\n\r\n<p>B\u00e1tors\u00e1g, \u00e9s a tudatoss\u00e1g emel\u00e9se, az \u00f6nismeret fejleszt\u00e9se sz\u00fcks\u00e9ges ahhoz, hogy a t\u00fck\u00f6rk\u00e9pet n\u00e9zve ne a k\u00e9ts\u00e9gbees\u00e9s vagy a harag \u00f6nts\u00f6n el, hanem a higgadt magadra \u00e9bred\u00e9s, az elfogad\u00e1s. Mert h\u00e1t folyamatosan \u00faton vagyunk, de csak kevesen k\u00e9pesek arra, hogy a f\u00f6ldi p\u00e1lyafut\u00e1suk sor\u00e1n minden s\u00e9r\u00fcl\u00e9s\u00fcket begy\u00f3gy\u00edts\u00e1k, \u00e9s csup\u00e1n az \u00f6nzetlen szeretet ir\u00e1ny\u00edtsa \u0151ket. Persze nem hi\u00e1baval\u00f3 az \u00f6nmagunkhoz vezet\u0151 \u00fat megj\u00e1r\u00e1sa, aminek jutalma, hogy v\u00e9g\u00fcl megtal\u00e1ljuk a lelki b\u00e9k\u00e9nket.<\/p>\r\n\r\n\r\n\r\n<p>Ha nem tetszik, amit p\u00e1rod t\u00fckr\u00e9ben l\u00e1tsz, az\u00e9rt nem a szerelmed a hib\u00e1s. \u0150 csak visszat\u00fckr\u00f6zi felnagy\u00edtva azt, amit a lelkedben \u0151rizgetsz. Ez\u00e9rt ne r\u00e1 haragudj. V\u00e9gy egy m\u00e9ly leveg\u0151t, \u00e9s hozz egy d\u00f6nt\u00e9st, hogy teszel magad\u00e9rt \u00e9s ez\u00e1ltal a min\u0151s\u00e9gibb \u00e9leted\u00e9rt, kapcsolatod\u00e9rt.<\/p>\r\n","protected":false},"excerpt":{"rendered":"<p>P\u00e1runk k\u00edm\u00e9letlen\u00fcl r\u00e1mutat azokra a pontjainkra, amiben fejl\u0151dn\u00fcnk kell. Megmutatja, hogy milyen m\u00f3don vagyunk k\u00e9pes szeretetet adni \u00e9s befogadni, hogy mennyire vagyunk er\u0151sek lelkileg, \u00e9s hogy az eg\u00f3nk m\u0171k\u00f6dtet-e benn\u00fcnket, vagy j\u00e1tszm\u00e1k n\u00e9lk\u00fcl vagyunk k\u00e9pesek \u00e9lni az \u00e9let\u00fcnket. Ami f\u00e1j, ami rosszul esik t\u0151le, azzal feladatunk van. Nem k\u00f6nny\u0171 k\u00e9pet tart el\u00e9nk, ebbe n\u00e9zni n\u00e9ha [&hellip;]<\/p>\n","protected":false},"author":3,"featured_media":254,"comment_status":"closed","ping_status":"closed","sticky":false,"template":"","format":"standard","meta":{"_monsterinsights_skip_tracking":false,"_monsterinsights_sitenote_active":false,"_monsterinsights_sitenote_note":"","_monsterinsights_sitenote_category":0},"categories":[19],"tags":[],"_links":{"self":[{"href":"http:\/\/mellettedvagyok.hu\/index.php\/wp-json\/wp\/v2\/posts\/253"}],"collection":[{"href":"http:\/\/mellettedvagyok.hu\/index.php\/wp-json\/wp\/v2\/posts"}],"about":[{"href":"http:\/\/mellettedvagyok.hu\/index.php\/wp-json\/wp\/v2\/types\/post"}],"author":[{"embeddable":true,"href":"http:\/\/mellettedvagyok.hu\/index.php\/wp-json\/wp\/v2\/users\/3"}],"replies":[{"embeddable":true,"href":"http:\/\/mellettedvagyok.hu\/index.php\/wp-json\/wp\/v2\/comments?post=253"}],"version-history":[{"count":1,"href":"http:\/\/mellettedvagyok.hu\/index.php\/wp-json\/wp\/v2\/posts\/253\/revisions"}],"predecessor-version":[{"id":255,"href":"http:\/\/mellettedvagyok.hu\/index.php\/wp-json\/wp\/v2\/posts\/253\/revisions\/255"}],"wp:featuredmedia":[{"embeddable":true,"href":"http:\/\/mellettedvagyok.hu\/index.php\/wp-json\/wp\/v2\/media\/254"}],"wp:attachment":[{"href":"http:\/\/mellettedvagyok.hu\/index.php\/wp-json\/wp\/v2\/media?parent=253"}],"wp:term":[{"taxonomy":"category","embeddable":true,"href":"http:\/\/mellettedvagyok.hu\/index.php\/wp-json\/wp\/v2\/categories?post=253"},{"taxonomy":"post_tag","embeddable":true,"href":"http:\/\/mellettedvagyok.hu\/index.php\/wp-json\/wp\/v2\/tags?post=253"}],"curies":[{"name":"wp","href":"https:\/\/api.w.org\/{rel}","templated":true}]}}