{"id":250,"date":"2020-12-15T09:59:28","date_gmt":"2020-12-15T09:59:28","guid":{"rendered":"http:\/\/mellettedvagyok.hu\/?p=250"},"modified":"2021-03-04T16:02:47","modified_gmt":"2021-03-04T16:02:47","slug":"energiavampirok-halojaban","status":"publish","type":"post","link":"http:\/\/mellettedvagyok.hu\/index.php\/2020\/12\/15\/energiavampirok-halojaban\/","title":{"rendered":"Energiav\u00e1mp\u00edrok h\u00e1l\u00f3j\u00e1ban"},"content":{"rendered":"\r\n<p>A legt\u00f6bben tal\u00e1lkoztunk m\u00e1r vel\u00fck, ha nem is tudatosult benn\u00fcnk. Egy egyszer\u0171 besz\u00e9lget\u00e9snek indult, azt\u00e1n ahogy teltek a percek egyre ink\u00e1bb azt \u00e9rezhett\u00fck, hogy fogy az energi\u00e1nk, f\u00e1radunk, \u00e9s a besz\u00e9lget\u00e9s m\u00e1r csak egy egyoldal\u00fa panasz\u00e1radat lett a m\u00e1sik r\u00e9sz\u00e9r\u0151l. Mikor pedig v\u00e9gre elk\u00f6sz\u00f6ntetek egym\u00e1st\u00f3l, rossz \u00e9rz\u00e9seid, esetleg b\u0171ntudatod lett, b\u00e1r az okait magadnak sem tudtad volna megmagyar\u00e1zni.<\/p>\r\n\r\n\r\n\r\n<p>Az energiav\u00e1mp\u00edrok m\u00e1sok energi\u00e1j\u00e1b\u00f3l \u00e9lnek. Abb\u00f3l t\u00e1pl\u00e1lkoznak, az \u00e9lteti \u0151ket. Figyelemre, sajn\u00e1latra van sz\u00fcks\u00e9g\u00fck. Erre nem csup\u00e1n a panaszkod\u00e1s az eszk\u00f6z\u00fck, hanem a kritiz\u00e1l\u00e1s, a manipul\u00e1l\u00e1s, az \u00e1ldozati szerep elj\u00e1tsz\u00e1sa, vagy \u00e9pp gyenge pontjaidra hat b\u0171ntudatkelt\u00e9ssel. Tudat alatt alacsonyabb rend\u0171nek \u00e9rzik magukat, \u00e9s a fenti eszk\u00f6z\u00f6k bevet\u00e9s\u00e9vel pr\u00f3b\u00e1lnak fel\u00fclkerekedni a m\u00e1sik emberen az\u00e9rt, hogy magukat feljebb emelj\u00e9k partner\u00fck leh\u00faz\u00e1s\u00e1val. Teh\u00e1t kompenz\u00e1lj\u00e1k a cs\u00f6kkent \u00e9rt\u00e9k\u0171s\u00e9g \u00e9rz\u00e9s\u00fcket.<\/p>\r\n\r\n\r\n\r\n<p>Az energiav\u00e1mp\u00edrok \u00f6szt\u00f6n\u00f6sen meg\u00e9rzik, hogy kinek az energi\u00e1j\u00e1t tudj\u00e1k csapolni. \u00c1ltal\u00e1ban azok az emberek ker\u00fclnek a hat\u00e1suk al\u00e1, akik nem tudnak nemet mondani, al\u00e1rendel\u0151d\u0151k, nem h\u00fazz\u00e1k meg mark\u00e1nsan a hat\u00e1raikat. Ezt pedig kihaszn\u00e1lj\u00e1k az energi\u00e1hoz jutni v\u00e1gy\u00f3k.<\/p>\r\n\r\n\r\n\r\n<p>A probl\u00e9ma ezzel az, hogy az elvesztett energi\u00e1t mi is p\u00f3tolni szeretn\u00e9nk valahonnan, mert sz\u00fcks\u00e9g\u00fcnk van r\u00e1, \u00e9s ha nem vagyunk el\u00e9g tudatosak, k\u00f6nnyen el\u0151fordulhat, hogy az energiav\u00e1mp\u00edr folyamatos jelenl\u00e9te r\u00e1nk is fert\u0151z\u0151en hat. Ez\u00e9rt fontos, hogy \u00e9szrevegy\u00fck ezt a kapcsol\u00f3d\u00e1si dinamik\u00e1t, \u00e9s tegy\u00fcnk ellene.<\/p>\r\n\r\n\r\n\r\n<p>\u00c1ltal\u00e1ban seg\u00edteni nem tudsz rajtuk, mert gyakran a j\u00f3sz\u00e1nd\u00e9k\u00fa tan\u00e1csokat meg sem hallgatj\u00e1k, mennek a saj\u00e1t fej\u00fck ut\u00e1n. Csak az \u0151 probl\u00e9m\u00e1juk l\u00e9tezik, te nem \u00e9rdekled \u0151ket, ha pedig m\u00e9gis neki kezden\u00e9l a mondand\u00f3dnak, gyorsan h\u00e1r\u00edtanak, \u00e9s \u00fajb\u00f3l a saj\u00e1t monol\u00f3gjukkal folytatj\u00e1k. Vitatkozni, ellentmondani, r\u00e1v\u00edl\u00e1g\u00edtani a helyzet\u00fckre nem \u00e9rdemes, mert nem ez kell nekik. Ez egy j\u00e1tszma, ami sz\u00e1mukra l\u00e9tfontoss\u00e1g\u00fa, mindennapi m\u0171k\u00f6d\u00e9s\u00fckh\u00f6z rutinszer\u0171en hozz\u00e1 tartozik.<\/p>\r\n\r\n\r\n\r\n<p>Nem egyszer fordul el\u0151, hogy \u00e9pp a bar\u00e1tainknak nevezett emberek azok, akik sz\u00e1m\u00e1ra az\u00e9rt vagyunk fontosak, hogy a mi lelkier\u0151nket haszn\u00e1lj\u00e1k. De mi ragaszkodunk hozz\u00e1juk akkor is, ha tudjuk, hogy nem a k\u00f6lcs\u00f6n\u00f6ss\u00e9gen alapul ez a bar\u00e1ts\u00e1g. Akkor ez r\u00f3lunk is sz\u00f3l. Mi\u00e9rt f\u00e9l\u00fcnk att\u00f3l, hogy ha elhagy minket akkor egyed\u00fcl maradunk? Mi\u00e9rt szolg\u00e1ljuk ki az ig\u00e9nyeit akkor is, ha nek\u00fcnk az nem j\u00f3? Ezen \u00e9rdemes elgondolkodni, mert lehet, hogy a h\u00e1tt\u00e9rben az h\u00faz\u00f3dik meg, hogy nem gondoljuk szerethet\u0151nek, tisztelhet\u0151nek magunkat.<\/p>\r\n\r\n\r\n\r\n<p>Ha egyszer ebb\u0151l eleged lesz, \u00e9s r\u00e1ismersz erre a dinamik\u00e1ra, majd fel\u00e1llsz, \u00e9s nem hallgatod, nem \u00e1llsz rendelkez\u00e9sre tov\u00e1bb, \u0151 gyorsan megr\u00e1zza mag\u00e1t, \u00e9s keres mag\u00e1nak \u00faj energiadonort.<\/p>\r\n\r\n\r\n\r\n<p>\u00dagy tudod \u0151ket t\u00e1vol tartani, hogy ismered ezt a m\u0171k\u00f6d\u00e9st, \u00e9s folyamatosan emeled a tudatoss\u00e1godat. Fontos, hogy ismerd ennek a m\u0171k\u00f6d\u00e9snek, j\u00e1tszm\u00e1nak a h\u00e1tter\u00e9t, \u00e9s emellett hat\u00e1rozottan k\u00e9pes legy\u00e9l kijel\u00f6lni a hat\u00e1raidat.<\/p>\r\n\r\n\r\n\r\n<p>Jogod van ahhoz, hogy nemet mondj arra, hogy m\u00e1sok elvegy\u00e9k az energi\u00e1dat, \u00e9s rossz \u00e9rz\u00e9seket hagyjanak benned. A te \u00e9rzelmi \u00e9leted, lelki nyugalmad a te felel\u0151ss\u00e9ged, \u00e9s ha hagyod, hogy m\u00e1sok k\u00e9ny\u00fck-kedv\u00fck szerint beletapossanak a lelkedbe, nem mutogathatsz r\u00e1juk, hiszen te hagytad nekik, hogy ezt tegy\u00e9k veled.<\/p>\r\n\r\n\r\n\r\n<p class=\"justify\">H\u00fazd meg er\u0151teljesen a hat\u00e1rvonalaidat. Az energi\u00e1d, figyelmed, odafordul\u00e1sod dr\u00e1ga kincsed. Annak aj\u00e1nd\u00e9kozd oda, aki arra \u00e9rdemes.<\/p>\r\n","protected":false},"excerpt":{"rendered":"<p>A legt\u00f6bben tal\u00e1lkoztunk m\u00e1r vel\u00fck, ha nem is tudatosult benn\u00fcnk. Egy egyszer\u0171 besz\u00e9lget\u00e9snek indult, azt\u00e1n ahogy teltek a percek egyre ink\u00e1bb azt \u00e9rezhett\u00fck, hogy fogy az energi\u00e1nk, f\u00e1radunk, \u00e9s a besz\u00e9lget\u00e9s m\u00e1r csak egy egyoldal\u00fa panasz\u00e1radat lett a m\u00e1sik r\u00e9sz\u00e9r\u0151l. Mikor pedig v\u00e9gre elk\u00f6sz\u00f6ntetek egym\u00e1st\u00f3l, rossz \u00e9rz\u00e9seid, esetleg b\u0171ntudatod lett, b\u00e1r az okait magadnak sem [&hellip;]<\/p>\n","protected":false},"author":3,"featured_media":251,"comment_status":"closed","ping_status":"closed","sticky":false,"template":"","format":"standard","meta":{"_monsterinsights_skip_tracking":false,"_monsterinsights_sitenote_active":false,"_monsterinsights_sitenote_note":"","_monsterinsights_sitenote_category":0},"categories":[10],"tags":[],"_links":{"self":[{"href":"http:\/\/mellettedvagyok.hu\/index.php\/wp-json\/wp\/v2\/posts\/250"}],"collection":[{"href":"http:\/\/mellettedvagyok.hu\/index.php\/wp-json\/wp\/v2\/posts"}],"about":[{"href":"http:\/\/mellettedvagyok.hu\/index.php\/wp-json\/wp\/v2\/types\/post"}],"author":[{"embeddable":true,"href":"http:\/\/mellettedvagyok.hu\/index.php\/wp-json\/wp\/v2\/users\/3"}],"replies":[{"embeddable":true,"href":"http:\/\/mellettedvagyok.hu\/index.php\/wp-json\/wp\/v2\/comments?post=250"}],"version-history":[{"count":1,"href":"http:\/\/mellettedvagyok.hu\/index.php\/wp-json\/wp\/v2\/posts\/250\/revisions"}],"predecessor-version":[{"id":252,"href":"http:\/\/mellettedvagyok.hu\/index.php\/wp-json\/wp\/v2\/posts\/250\/revisions\/252"}],"wp:featuredmedia":[{"embeddable":true,"href":"http:\/\/mellettedvagyok.hu\/index.php\/wp-json\/wp\/v2\/media\/251"}],"wp:attachment":[{"href":"http:\/\/mellettedvagyok.hu\/index.php\/wp-json\/wp\/v2\/media?parent=250"}],"wp:term":[{"taxonomy":"category","embeddable":true,"href":"http:\/\/mellettedvagyok.hu\/index.php\/wp-json\/wp\/v2\/categories?post=250"},{"taxonomy":"post_tag","embeddable":true,"href":"http:\/\/mellettedvagyok.hu\/index.php\/wp-json\/wp\/v2\/tags?post=250"}],"curies":[{"name":"wp","href":"https:\/\/api.w.org\/{rel}","templated":true}]}}