{"id":227,"date":"2020-12-15T09:12:13","date_gmt":"2020-12-15T09:12:13","guid":{"rendered":"http:\/\/mellettedvagyok.hu\/?p=227"},"modified":"2021-03-04T12:56:31","modified_gmt":"2021-03-04T12:56:31","slug":"ha-az-ego-nk-iranyit-bennunket","status":"publish","type":"post","link":"http:\/\/mellettedvagyok.hu\/index.php\/2020\/12\/15\/ha-az-ego-nk-iranyit-bennunket\/","title":{"rendered":"Ha az ego-nk ir\u00e1ny\u00edt benn\u00fcnket"},"content":{"rendered":"\r\n<p>Gyakori t\u00e9ma spiritu\u00e1lis oldalakon az ego m\u0171k\u00f6d\u00e9s\u00e9nek \u00e9s jellemz\u0151inek le\u00edr\u00e1sa, \u00e9s sz\u00e1mos ezzel foglalkoz\u00f3 nem egyszer arra buzd\u00edt, hogy gy\u0171rj\u00fck magunk al\u00e1, emelkedj\u00fcnk rajta fel\u00fcl, vagy egyszer\u0171en likvid\u00e1ljuk \u00e9let\u00fcnkb\u0151l. Az ego azonban nem az ellens\u00e9g\u00fcnk, pont, hogy benn\u00fcnket szolg\u00e1l, ha eg\u00e9szs\u00e9gesen m\u0171k\u00f6dik. Egy szem\u00e9lyis\u00e9gr\u00e9sz\u00fcnk, amely arra t\u00f6rekszik, hogy megv\u00e9djen benn\u00fcnket. A t\u00fal\u00e9l\u00e9s\u00fcnk\u00e9rt felel, \u00f3v benn\u00fcnket, m\u00e1sokt\u00f3l elhat\u00e1rol, ez\u00e9rt seg\u00edti identit\u00e1sunk kialakul\u00e1s\u00e1t. Emiatt sz\u00fcks\u00e9g\u00fcnk van r\u00e1, ink\u00e1bb azt kell megakad\u00e1lyozni, hogy ne \u0151 ir\u00e1ny\u00edtsa \u00e9let\u00fcnket. Mert hogyha nem vagyunk lelki harm\u00f3ni\u00e1ban, ez k\u00f6nnyen megt\u00f6rt\u00e9nhet.<\/p>\r\n\r\n\r\n\r\n<p>Ha ir\u00e1ny\u00edt, d\u00f6nt\u0151en a negat\u00edv \u00e9rz\u00e9seink gener\u00e1l\u00f3ja, a m\u00falt t\u00f6rt\u00e9n\u00e9sei, f\u00e1jdalmai, traum\u00e1i alapj\u00e1n. Az ego teh\u00e1t a megsebzett r\u00e9sze szem\u00e9lyis\u00e9g\u00fcnknek. Arra t\u00f6rekszik, hogy biztons\u00e1gban tartson benn\u00fcnket, \u00e9s ezt \u00e1ltal\u00e1ban a f\u00e9lelem gener\u00e1l\u00e1s\u00e1val \u00e9ri el. A f\u00e9lelem, ha bekapcsol, meg\u00e1ll\u00edt benn\u00fcnket a cselekv\u00e9sben, az el\u0151re l\u00e9p\u00e9sben, ez\u00e9rt, ha enged\u00fcnk neki, nem halad az \u00e9let\u00fcnk.<\/p>\r\n\r\n\r\n\r\n<p>Ha az ego ir\u00e1ny\u00edt, akkor felt\u00f6r benn\u00fcnk a birtokl\u00e1s, az \u00edt\u00e9lkez\u00e9s, a panaszkod\u00e1s, a s\u00e9rt\u0151d\u00f6tts\u00e9g, saj\u00e1t igazunk hangoztat\u00e1sa, mert sz\u00fcks\u00e9g\u00fcnk van a k\u00fcl\u00f6nlegess\u00e9g, a m\u00e1sokt\u00f3l t\u00f6bbek vagyunk \u00e9rz\u00e9s\u00e9re. Ilyenkor nem v\u00e1llaljuk a felel\u0151ss\u00e9get saj\u00e1t \u00e9let\u00fcnk\u00e9rt, m\u00e1sokat tesz\u00fcnk felel\u0151ss\u00e9, hib\u00e1ss\u00e1, dacolunk, hisztiz\u00fcnk, \u00e9s ezzel saj\u00e1t bels\u0151 lelki m\u00e9lys\u00e9g\u00fcnkt\u0151l nagyon messze ker\u00fcl\u00fcnk. Vagy taktik\u00e1zunk, h\u00edzelg\u00fcnk, hogy szerethet\u0151nek \u00e9s n\u00e9lk\u00fcl\u00f6zhetetlennek l\u00e1ssanak benn\u00fcnket. Egysz\u00f3val energi\u00e1hoz szeretn\u00e9nk jutni \u00e1ltala, de ez egy \u00f6nbecsap\u00e1s, hiszen a szeretetet, figyelmet nem lehet kier\u0151szakolni.<\/p>\r\n\r\n\r\n\r\n<p>Az ego \u00e1ltal ir\u00e1ny\u00edtott m\u0171k\u00f6d\u00e9sben nem ismerj\u00fck el, ha t\u00e9vedt\u00fcnk, hib\u00e1ztunk, rosszul m\u00e9rt\u00fcnk fel egy helyzetet. Ha pedig ez \u00edgy van, akkor nem is akarunk v\u00e1ltoztatni bel\u00e1t\u00e1s hi\u00e1ny\u00e1ban, ez\u00e9rt nem is tudunk fejl\u0151dni. Akit er\u0151sen az ego m\u0171k\u00f6dtet, az mindenkiben ellens\u00e9get l\u00e1t, azt akarja elhitetni vel\u00fcnk, hogy erk\u00f6lcsileg t\u00f6bbek \u00e9s jobbak, k\u00fcl\u00f6nbek vagyunk.<\/p>\r\n\r\n\r\n\r\n<p>Hogy egy p\u00e9ld\u00e1val \u00e9ljek, egy szak\u00edt\u00e1s mindig k\u00e9t emberen m\u00falik, de az ego arra buzd\u00edt benn\u00fcnket, hogy a m\u00e1sikat hib\u00e1ztassuk, \u0151t \u00e1ll\u00edtsuk be rossznak, mert ez\u00e1ltal mi erk\u00f6lcsileg f\u00f6l\u00e9 ker\u00fclhet\u00fcnk. Mert ha \u00e1ldozat szerepben tetszelg\u00fcnk, akkor benn\u00fcnket sajn\u00e1lnak, a m\u00e1sikat pedig el\u00edt\u00e9lik, \u00e9s ez energi\u00e1hoz juttat benn\u00fcnket. De ha egy kicsit is tudatosan r\u00e1n\u00e9zn\u00e9nk a t\u00f6rt\u00e9n\u00e9sekre, ha elfogad\u00e1sban l\u00e9tezn\u00e9nk, akkor saj\u00e1t hib\u00e1inkat is felfedezhetn\u00e9nk, \u00e9s v\u00e1llaln\u00e1nk a felel\u0151ss\u00e9get is saj\u00e1t elhib\u00e1zott l\u00e9p\u00e9seink\u00e9rt. Ekkort\u00f3l pedig m\u00e1r nem az ego-nk ir\u00e1ny\u00edtana benn\u00fcnket.<\/p>\r\n\r\n\r\n\r\n<p>Ha kell\u0151en tudatosak vagyunk, k\u00fcl\u00f6n tudjuk v\u00e1lasztani sz\u00edv\u00fcnk \u00e9s az ego-nk hangj\u00e1t. Ehhez \u00e9rz\u00e9keln\u00fcnk kell a jelenl\u00e9t\u00e9t, tetten kell \u00e9rn\u00fcnk egy-egy helyzetben. Ha valamire elutas\u00edt\u00e1ssal, az \u00e1ldozati szerep magunkra \u00f6lt\u00e9s\u00e9vel reag\u00e1lunk, az biztosan nem a sz\u00edv\u00fcnk hangja. Ha panaszkodunk valakire, ha \u00e1ldozatnak \u00e9rezz\u00fck magunkat, vagy rugalmatlanok vagyunk, akkor nem a szeretet m\u0171k\u00f6dtet benn\u00fcnket, nem elfogad\u00e1sban vagyunk, akkor az ego ir\u00e1ny\u00edt.<\/p>\r\n\r\n\r\n\r\n<p>Eg\u00e9szs\u00e9ges m\u0171k\u00f6d\u00e9s\u00fcnkh\u00f6z az ego-t nem legy\u0151zni kell, hanem elfogadni a l\u00e9tez\u00e9s\u00e9t, mert hogyha folyton le akarjuk gy\u0171rni akkor egy folyamatos bels\u0151 harcban lesz\u00fcnk, ez pedig fel\u0151rli energi\u00e1inkat. Csak b\u00e9k\u00e9t kell vele k\u00f6tni, meg kell szel\u00edd\u00edteni, hiszen az elutas\u00edt\u00e1sa \u00f6nmagunk egy r\u00e9sz\u00e9nek megtagad\u00e1sa lenne. S\u0151t, ahhoz, hogy szolg\u00e1ljon benn\u00fcnket, az el\u00e9rt sikereinket, eredm\u00e9nyeinket meg kell \u00fcnnepeln\u00fcnk, meg kell jutalmaznunk, \u00e9s itt az elismer\u00e9sen van a hangs\u00faly. Hogy j\u00f3k, \u00fcgyesek vagyunk, hogy k\u00e9pesek vagyunk eredm\u00e9nyeket el\u00e9rni. Kis f\u00e9nyez\u00e9sre az\u00e9rt sz\u00fcks\u00e9ge van.<\/p>\r\n\r\n\r\n\r\n<p class=\"justify\">Egysz\u00f3val l\u00e9gy tudatos, ha azt akarod, hogy eg\u00e9szs\u00e9gesen m\u0171k\u00f6dj\u00f6n benned. Ezt pedig kell\u0151 \u00f6nismerettel, \u00e9s \u00f6nelfogad\u00e1ssal \u00e9red el, \u00e9s azzal, ha hagyod, hogy tetteidet a szeretet ir\u00e1ny\u00edtsa.<\/p>\r\n","protected":false},"excerpt":{"rendered":"<p>Gyakori t\u00e9ma spiritu\u00e1lis oldalakon az ego m\u0171k\u00f6d\u00e9s\u00e9nek \u00e9s jellemz\u0151inek le\u00edr\u00e1sa, \u00e9s sz\u00e1mos ezzel foglalkoz\u00f3 nem egyszer arra buzd\u00edt, hogy gy\u0171rj\u00fck magunk al\u00e1, emelkedj\u00fcnk rajta fel\u00fcl, vagy egyszer\u0171en likvid\u00e1ljuk \u00e9let\u00fcnkb\u0151l. Az ego azonban nem az ellens\u00e9g\u00fcnk, pont, hogy benn\u00fcnket szolg\u00e1l, ha eg\u00e9szs\u00e9gesen m\u0171k\u00f6dik. Egy szem\u00e9lyis\u00e9gr\u00e9sz\u00fcnk, amely arra t\u00f6rekszik, hogy megv\u00e9djen benn\u00fcnket. A t\u00fal\u00e9l\u00e9s\u00fcnk\u00e9rt felel, \u00f3v benn\u00fcnket, [&hellip;]<\/p>\n","protected":false},"author":3,"featured_media":228,"comment_status":"closed","ping_status":"closed","sticky":false,"template":"","format":"standard","meta":{"_monsterinsights_skip_tracking":false,"_monsterinsights_sitenote_active":false,"_monsterinsights_sitenote_note":"","_monsterinsights_sitenote_category":0},"categories":[10],"tags":[],"_links":{"self":[{"href":"http:\/\/mellettedvagyok.hu\/index.php\/wp-json\/wp\/v2\/posts\/227"}],"collection":[{"href":"http:\/\/mellettedvagyok.hu\/index.php\/wp-json\/wp\/v2\/posts"}],"about":[{"href":"http:\/\/mellettedvagyok.hu\/index.php\/wp-json\/wp\/v2\/types\/post"}],"author":[{"embeddable":true,"href":"http:\/\/mellettedvagyok.hu\/index.php\/wp-json\/wp\/v2\/users\/3"}],"replies":[{"embeddable":true,"href":"http:\/\/mellettedvagyok.hu\/index.php\/wp-json\/wp\/v2\/comments?post=227"}],"version-history":[{"count":1,"href":"http:\/\/mellettedvagyok.hu\/index.php\/wp-json\/wp\/v2\/posts\/227\/revisions"}],"predecessor-version":[{"id":229,"href":"http:\/\/mellettedvagyok.hu\/index.php\/wp-json\/wp\/v2\/posts\/227\/revisions\/229"}],"wp:featuredmedia":[{"embeddable":true,"href":"http:\/\/mellettedvagyok.hu\/index.php\/wp-json\/wp\/v2\/media\/228"}],"wp:attachment":[{"href":"http:\/\/mellettedvagyok.hu\/index.php\/wp-json\/wp\/v2\/media?parent=227"}],"wp:term":[{"taxonomy":"category","embeddable":true,"href":"http:\/\/mellettedvagyok.hu\/index.php\/wp-json\/wp\/v2\/categories?post=227"},{"taxonomy":"post_tag","embeddable":true,"href":"http:\/\/mellettedvagyok.hu\/index.php\/wp-json\/wp\/v2\/tags?post=227"}],"curies":[{"name":"wp","href":"https:\/\/api.w.org\/{rel}","templated":true}]}}