{"id":130,"date":"2020-12-15T06:14:04","date_gmt":"2020-12-15T06:14:04","guid":{"rendered":"http:\/\/mellettedvagyok.hu\/?p=130"},"modified":"2021-03-03T17:48:23","modified_gmt":"2021-03-03T17:48:23","slug":"erzelmi-serulesek-az-elhagyas","status":"publish","type":"post","link":"http:\/\/mellettedvagyok.hu\/index.php\/2020\/12\/15\/erzelmi-serulesek-az-elhagyas\/","title":{"rendered":"\u00c9rzelmi s\u00e9r\u00fcl\u00e9sek \u2013 Az elhagy\u00e1s"},"content":{"rendered":"\r\n<p class=\"justify\">Ha hajlamos vagy \u00e1ldozatt\u00e1 v\u00e1lni, mik\u00f6zben \u00fagy \u00e9rzed, m\u00e1sokt\u00f3l f\u00fcgg boldogs\u00e1god, \u00e9s nagyon f\u00e9lsz att\u00f3l, hogy elhagynak, akkor ez az \u00edr\u00e1s neked sz\u00f3l.<\/p>\r\n\r\n\r\n\r\n<p class=\"justify\">Az elhagy\u00e1s s\u00e9r\u00fcl\u00e9s\u00e9t az ellenkez\u0151 nem\u0171 sz\u00fcl\u0151vel \u00e9lj\u00fck meg. A gyermek elhagyatva \u00e9rzi mag\u00e1t csecsem\u0151k\u00e9nt, kisgyerekk\u00e9nt ha a sz\u00fcl\u0151k nem tudnak vele foglalkozni annyit, amennyire ig\u00e9nye lenne, vagy ha az anya nagyon elfoglalt lesz egy kisebb testv\u00e9r sz\u00fclet\u00e9se miatt, esetleg hosszabb id\u0151re m\u00e1sra b\u00edzz\u00e1k. Azt is elhagy\u00e1sk\u00e9nt \u00e9lheti meg a gyermek, ha kicsik\u00e9nt k\u00f3rh\u00e1zba ker\u00fclt, \u00e9s ott hagyt\u00e1k, nem l\u00e1togathatt\u00e1k sz\u00fclei. Ebben az esetben egy kisgyermek \u00e9rezheti \u00fagy, hogy sz\u00fclei \u00f6r\u00f6kre elhagyt\u00e1k \u0151t.<\/p>\r\n\r\n\r\n\r\n<p class=\"justify\">Ezzel a s\u00e9r\u00fcl\u00e9ssel a be nem gy\u00f3gy\u00edtott sebre a f\u00fcgg\u0151 maszkja ker\u00fcl. \u00dagy \u00e9rzi, hogy sohasem kap el\u00e9g figyelmet, t\u00f6r\u0151d\u00e9st, nem el\u00e9g\u00edtik ki \u00e9rzelmi ig\u00e9nyeit. Ez\u00e9rt sz\u00fcks\u00e9ge van m\u00e1sok folyamatos t\u00e1mogat\u00e1s\u00e1ra. Sz\u00e1m\u00e1ra fontos, hogy \u00e9rezhesse, hogy valaki mellette \u00e1ll, t\u00e1mogatja, hogy sz\u00e1m\u00edthat r\u00e1, \u00edgy v\u00e1lik f\u00fcgg\u0151v\u00e9. Legnagyobb f\u00e9lelme az egyed\u00fcll\u00e9t. Ez\u00e9rt hajlamos benne maradni m\u00e9ltatlan helyzetekben, ahol szenvedhet. Mindenre k\u00e9szek, a legm\u00e9ltatlanabb helyzetet is elviselik, hogy ne vesz\u00edts\u00e9k el t\u00e1rsukat. A f\u00fcgg\u0151re jellemz\u0151 viselked\u00e9sek ir\u00e1ny\u00edt\u00f3ja a f\u00e9lelem, hogy \u00fajra \u00e1t kell \u00e9lnie az elhagy\u00e1s s\u00e9r\u00fcl\u00e9s\u00e9t.<\/p>\r\n\r\n\r\n\r\n<p class=\"justify\">Ha v\u00e1ls\u00e1gba jut, ak\u00e1r az \u00f6ngyilkoss\u00e1g is megfordul a fej\u00e9ben, de nem teszi meg, ink\u00e1bb csak fenyeget\u0151zik vele, aminek a c\u00e9lja a figyelem megszerz\u00e9se. Ugyanakkor \u0151 maga nem adja meg m\u00e1soknak, amire \u0151 saj\u00e1t maga v\u00e1gyik.<\/p>\r\n\r\n\r\n\r\n<p class=\"justify\">Nagyon szomor\u00fa, ha azt \u00e9rzi hogy valahova nem h\u00edvj\u00e1k el, vagy valahol nem akarj\u00e1k l\u00e1tni, mert azt \u00e9rzi, hogy szem\u00e9lye nem fontos.<\/p>\r\n\r\n\r\n\r\n<p class=\"justify\">T\u00e1pl\u00e1lkoz\u00e1s\u00e1ban hajlamos a bul\u00e9mi\u00e1ra, hiszen az \u00e9tel felfal\u00e1sa szimbolikusan a szeretet felfal\u00e1s\u00e1t jelenti, a hi\u00e1nyt cs\u00f6kkentve, megsz\u00fcntetve \u00edgy.<\/p>\r\n\r\n\r\n\r\n<p class=\"justify\">Az ilyen szem\u00e9ly hajlamos arra, hogy \u00e1ldozatt\u00e1 v\u00e1ljon. Kre\u00e1l mag\u00e1nak betegs\u00e9geket is, gyakran szenved migr\u00e9nt\u0151l, mert nem engedi meg mag\u00e1nak, hogy \u00f6nmaga legyen, \u00e9s n\u00e9ha depresszi\u00f3s is. Jellemz\u0151, hogy asztm\u00e1ja van, \u00e9s emellett r\u00f6vidl\u00e1t\u00f3 is (f\u00e9l a j\u00f6v\u0151t\u0151l, nem mer vele szemben\u00e9zni) F\u00fcgg az elismer\u00e9st\u0151l, m\u00e1sok szeretet\u00e9t\u0151l, \u00e9s n\u00e9ha bizonyos szerekt\u0151l is.<\/p>\r\n\r\n\r\n\r\n<p class=\"justify\">A f\u00fcgg\u0151h\u00f6z a testtart\u00e1sa is igazodik, v\u00e1llai el\u0151reesettek, hi\u00e1nyzik bel\u0151le a tart\u00e1s, gerince el\u0151re hajlik. V\u00e9kony testlakat\u00fa, \u00fagy, ahogy a lelke is t\u00e1maszt keres folyton, ez a t\u00e1maszkeres\u00e9s megnyilv\u00e1nul testfel\u00e9p\u00edt\u00e9s\u00e9ben is.<\/p>\r\n","protected":false},"excerpt":{"rendered":"<p>Ha hajlamos vagy \u00e1ldozatt\u00e1 v\u00e1lni, mik\u00f6zben \u00fagy \u00e9rzed, m\u00e1sokt\u00f3l f\u00fcgg boldogs\u00e1god, \u00e9s nagyon f\u00e9lsz att\u00f3l, hogy elhagynak, akkor ez az \u00edr\u00e1s neked sz\u00f3l. Az elhagy\u00e1s s\u00e9r\u00fcl\u00e9s\u00e9t az ellenkez\u0151 nem\u0171 sz\u00fcl\u0151vel \u00e9lj\u00fck meg. A gyermek elhagyatva \u00e9rzi mag\u00e1t csecsem\u0151k\u00e9nt, kisgyerekk\u00e9nt ha a sz\u00fcl\u0151k nem tudnak vele foglalkozni annyit, amennyire ig\u00e9nye lenne, vagy ha az anya nagyon [&hellip;]<\/p>\n","protected":false},"author":3,"featured_media":131,"comment_status":"closed","ping_status":"closed","sticky":false,"template":"","format":"standard","meta":{"_monsterinsights_skip_tracking":false,"_monsterinsights_sitenote_active":false,"_monsterinsights_sitenote_note":"","_monsterinsights_sitenote_category":0},"categories":[5,10],"tags":[],"_links":{"self":[{"href":"http:\/\/mellettedvagyok.hu\/index.php\/wp-json\/wp\/v2\/posts\/130"}],"collection":[{"href":"http:\/\/mellettedvagyok.hu\/index.php\/wp-json\/wp\/v2\/posts"}],"about":[{"href":"http:\/\/mellettedvagyok.hu\/index.php\/wp-json\/wp\/v2\/types\/post"}],"author":[{"embeddable":true,"href":"http:\/\/mellettedvagyok.hu\/index.php\/wp-json\/wp\/v2\/users\/3"}],"replies":[{"embeddable":true,"href":"http:\/\/mellettedvagyok.hu\/index.php\/wp-json\/wp\/v2\/comments?post=130"}],"version-history":[{"count":2,"href":"http:\/\/mellettedvagyok.hu\/index.php\/wp-json\/wp\/v2\/posts\/130\/revisions"}],"predecessor-version":[{"id":141,"href":"http:\/\/mellettedvagyok.hu\/index.php\/wp-json\/wp\/v2\/posts\/130\/revisions\/141"}],"wp:featuredmedia":[{"embeddable":true,"href":"http:\/\/mellettedvagyok.hu\/index.php\/wp-json\/wp\/v2\/media\/131"}],"wp:attachment":[{"href":"http:\/\/mellettedvagyok.hu\/index.php\/wp-json\/wp\/v2\/media?parent=130"}],"wp:term":[{"taxonomy":"category","embeddable":true,"href":"http:\/\/mellettedvagyok.hu\/index.php\/wp-json\/wp\/v2\/categories?post=130"},{"taxonomy":"post_tag","embeddable":true,"href":"http:\/\/mellettedvagyok.hu\/index.php\/wp-json\/wp\/v2\/tags?post=130"}],"curies":[{"name":"wp","href":"https:\/\/api.w.org\/{rel}","templated":true}]}}