{"id":1081,"date":"2021-12-06T11:33:53","date_gmt":"2021-12-06T11:33:53","guid":{"rendered":"http:\/\/mellettedvagyok.hu\/?p=1081"},"modified":"2021-12-06T18:52:20","modified_gmt":"2021-12-06T18:52:20","slug":"miert-olyan-nehez-masok-elismerese","status":"publish","type":"post","link":"http:\/\/mellettedvagyok.hu\/index.php\/2021\/12\/06\/miert-olyan-nehez-masok-elismerese\/","title":{"rendered":"Mi\u00e9rt olyan neh\u00e9z m\u00e1sok elismer\u00e9se?"},"content":{"rendered":"<p>Munk\u00e1m sor\u00e1n h\u00e1ny, de h\u00e1ny ember sz\u00e1j\u00e1b\u00f3l hallom azt a f\u00e1jdalommal \u00e1titatott mondatot: <em>engem a sz\u00fcleim nem dics\u00e9rtek meg soha semmi\u00e9rt. T\u00f6bbnyire semmilyen visszajelz\u00e9st nem adtak, vagy ha valamit elrontottam, nem hoztam az elv\u00e1rt eredm\u00e9nyt, akkor leszidtak. <\/em><\/p>\n<p>K\u00f6zben nem \u00e9rtik, hogy mi\u00e9rt a kishit\u0171s\u00e9g, az \u00f6nbizalomhi\u00e1ny sz\u00f6vi \u00e1t mindennapjaikat. Hogy mi\u00e9rt nem hisznek \u00f6nmagunkban, mi\u00e9rt negat\u00edv t\u00e9vhiteik ir\u00e1ny\u00edtj\u00e1k d\u00f6nt\u00e9seiket, v\u00e1laszt\u00e1saikat. Amelyek komoly g\u00e1tjai \u00e9let\u00fcknek.<\/p>\n<p>Nem gondoljuk v\u00e9gig ennek a s\u00faly\u00e1t. Egy gyerek sz\u00e1m\u00e1ra a dics\u00e9ret rendk\u00edv\u00fcl fontos: \u00e1ltala jobbnak, \u00fcgyesebbnek, \u00e9rt\u00e9kesebbnek fogja mag\u00e1t \u00e9rezni, \u00e9s alapul szolg\u00e1l magabiztoss\u00e1g\u00e1hoz, \u00f6nbecs\u00fcl\u00e9s\u00e9hez is. Term\u00e9szetesen nem mindegy, hogy mik\u00e9nt kapja meg a gyerek az elismer\u00e9st, ennek a m\u00f3dja is sokat sz\u00e1m\u00edt. De nagyon sok gyerek n\u0151 fel an\u00e9lk\u00fcl, hogy term\u00e9szetes lenne sz\u00e1m\u00e1ra a visszajelz\u00e9s. Hogy sz\u00fclei nem csak a nemtetsz\u00e9s\u00fcket fejezn\u00e9k ki a viselked\u00e9s\u00e9vel kapcsolatban, hanem \u00e9szrevenn\u00e9k igyekezet\u00e9t is. Persze nem csup\u00e1n szavakkal mutathatjuk meg el\u00e9gedetts\u00e9g\u00fcnket, hiszen az \u00e9rint\u00e9s, a mosoly is \u00e9rt\u00e9kes visszajelz\u00e9sek. De n\u00e9ha ez is hi\u00e1nycikk a gyereknevel\u00e9s m\u00f3dszereiben.<\/p>\n<p>Gyerekkorban m\u00e9g nem tudatosul a hi\u00e1nya, a kicsi sz\u00e1m\u00e1ra ez lesz a norm\u00e1lis. Ez veszi k\u00f6r\u00fcl, \u00e9s mivel nincs r\u00f3la tapasztalata, nem is tudja, milyen lenne ha megkapn\u00e1 az elismer\u00e9st. Feln\u0151ve pedig azt \u00e9rzi, hogy szorong\u00f3, nincs b\u00e1tors\u00e1ga kipr\u00f3b\u00e1lni mag\u00e1t bizonyos helyzetekben, nem hisz abban, hogy k\u00e9pes el\u00e9rni a c\u00e9ljait, nem lesz sikeres, b\u00e1r m\u00e9lyen v\u00e1gyik r\u00e1.<\/p>\n<p>Term\u00e9szetesen a legt\u00f6bb sz\u00fcl\u0151 nem sz\u00e1nd\u00e9kosan \u00e1rt gyerek\u00e9nek azzal, hogy nem m\u00e9lt\u00e1nyolj\u00e1k szorgalm\u00e1t \u00e9s er\u0151fesz\u00edt\u00e9seit. De nem is tudnak m\u00e1sk\u00e9nt m\u0171k\u00f6dni, hiszen nagy val\u00f3sz\u00edn\u0171s\u00e9ggel ezt \u0151k sem tapasztalt\u00e1k meg gyerekk\u00e9nt. Azt\u00e1n ezt k\u00f6zvet\u00edtik tov\u00e1bb. Gener\u00e1ci\u00f3r\u00f3l gener\u00e1ci\u00f3ra.<\/p>\n<p>Ez a probl\u00e9ma pedig \u00e9let\u00fcnk minden ter\u00fclet\u00e9n megmutatja mag\u00e1t.<\/p>\n<p>Tr\u00e9nerk\u00e9nt -az \u00e9vek alatt &#8211; t\u00f6bb sz\u00e1z vezet\u0151vel egy\u00fctt dolgozva t\u00f6megjelens\u00e9gk\u00e9nt \u00e9rz\u00e9keltem ezt a probl\u00e9m\u00e1t. A vezet\u0151k panaszkodnak, hogy semmilyen visszajelz\u00e9st nem kapnak feletteseikt\u0151l, igaz, \u0151k sem gyakorolj\u00e1k ezt a hierarchi\u00e1ban alattuk l\u00e9v\u0151k fel\u00e9. Pedig hi\u00e1nyolj\u00e1k, \u00e9s szenvednek t\u0151le. Az elismer\u00e9s motiv\u00e1l, er\u0151s\u00edti a lojalit\u00e1st \u00e9s az elk\u00f6telezetts\u00e9get. Nyomat\u00e9kos\u00edtja, hogy meg\u00e9rte dolgozni a kijel\u00f6lt c\u00e9lok\u00e9rt, mert az \u00e9rt\u00fck tett l\u00e9p\u00e9seket \u00e9szrevette a felettes. De ha csak a ledorongol\u00e1st kapja cser\u00e9be valaki a munk\u00e1j\u00e1\u00e9rt, az folyamatosan rontja \u00f6nbecs\u00fcl\u00e9s\u00e9t, \u00e9s a munkakedv\u00e9t is. A v\u00e1llalatvezet\u00e9s k\u00fcls\u0151 t\u00e9nyez\u0151kkel pr\u00f3b\u00e1l motiv\u00e1lni, mik\u00f6zben a legk\u00e9zenfekv\u0151bb megold\u00e1st figyelmen k\u00edv\u00fcl hagyj\u00e1k.<\/p>\n<p>De sz\u00e1mtalan p\u00e1rkapcsolatra is \u00e1rny\u00e9kk\u00e9nt borul az egym\u00e1st\u00f3l j\u00f6v\u0151 \u0151szinte elismer\u00e9s, a val\u00f3di dics\u00e9ret hi\u00e1nya. Nem jelezz\u00fck vissza p\u00e1runk fel\u00e9 el\u00e9gedetts\u00e9g\u00fcnket, nem k\u00f6sz\u00f6nj\u00fck meg az igyekezet\u00e9t, azt, hogyha valami tetszik, j\u00f3lesik r\u00e9sz\u00e9r\u0151l. Hogy odafigyel r\u00e1nk, \u00e9s kedveskedik nek\u00fcnk. Mag\u00e1t\u00f3l \u00e9rtet\u0151d\u0151nek vessz\u00fck. Nem adunk pozit\u00edv meger\u0151s\u00edt\u00e9st, pedig v\u00e1gyunk r\u00e1 mi magunk is.<\/p>\n<p>Van, akiben az a f\u00e9lelem munk\u00e1lkodik, hogy dics\u00e9ret\u00e9nek hat\u00e1s\u00e1ra a m\u00e1sik elb\u00edzza mag\u00e1t. Azonban ez a f\u00e9lelem is az \u00f6nbizalom hi\u00e1ny\u00e1b\u00f3l t\u00e1pl\u00e1lkozik.<\/p>\n<p>De t\u00e1rsas kapcsolatainkban is probl\u00e9ma, hogy a k\u00f6zvetlen k\u00f6rnyezet\u00fcnkben \u00e9l\u0151 emberek sz\u00e1m\u00e1ra nem adunk visszacsatol\u00e1st. Pedig az m\u00e9lyebb\u00e9 \u00e9s \u0151szint\u00e9bb\u00e9 teszi a kapcsolatokat. Azonban nincs r\u00e1 mint\u00e1nk, nem volt mit elsaj\u00e1t\u00edtani, \u00e9s emiatt az eg\u00e9sz kommunik\u00e1ci\u00f3s kult\u00far\u00e1nkb\u00f3l hi\u00e1nyzik, vagy szeg\u00e9nyes.<\/p>\n<p>Feln\u0151ttk\u00e9nt m\u00e1r tudatosulhat benn\u00fcnk a gyerekkorunkban \u00e1t\u00e9lt hi\u00e1ny, \u00e9s f\u00e1jhat is, m\u00e9gis gyakori, hogy a gyerekkori vesztes\u00e9g ellen\u00e9re, vagy \u00e9pp az\u00e9rt mi sem lesz\u00fcnk k\u00e9pesek m\u00e1sok er\u0151fesz\u00edt\u00e9seit \u00e9rt\u00e9kelni. Egyszer\u0171en nincs r\u00e1 m\u00f3dszer\u00fcnk.<\/p>\n<p>Az elismer\u00e9s hi\u00e1nya viszont s\u00e9r\u00fclt \u00e9nk\u00e9pet eredm\u00e9nyez. Azt pedig neh\u00e9z \u2013 n\u00e9ha csak k\u0151kem\u00e9ny munk\u00e1val lehet \u2013 \u00fajj\u00e1 \u00e9p\u00edteni.<\/p>\n<p>A m\u00e1sok fel\u00e9 tett \u0151szinte gesztus, az elismer\u00e9s, \u00e9s a dics\u00e9ret val\u00f3j\u00e1ban a ment\u00e1lisan er\u0151s emberek saj\u00e1tja. \u0150k nem f\u00e9lnek att\u00f3l, hogy szavakban is kifejezz\u00e9k, ha a m\u00e1sik emberre feln\u00e9znek, \u00e9s eredm\u00e9nyeit m\u00e9lt\u00e1nyolj\u00e1k, mert tudj\u00e1k, hogy a m\u00e1sik emel\u00e9s\u00e9vel \u00f6nmagukat is er\u0151s\u00edtik.<\/p>\n","protected":false},"excerpt":{"rendered":"<p>Munk\u00e1m sor\u00e1n h\u00e1ny, de h\u00e1ny ember sz\u00e1j\u00e1b\u00f3l hallom azt a f\u00e1jdalommal \u00e1titatott mondatot: engem a sz\u00fcleim nem dics\u00e9rtek meg soha semmi\u00e9rt. T\u00f6bbnyire semmilyen visszajelz\u00e9st nem adtak, vagy ha valamit elrontottam, nem hoztam az elv\u00e1rt eredm\u00e9nyt, akkor leszidtak. K\u00f6zben nem \u00e9rtik, hogy mi\u00e9rt a kishit\u0171s\u00e9g, az \u00f6nbizalomhi\u00e1ny sz\u00f6vi \u00e1t mindennapjaikat. Hogy mi\u00e9rt nem hisznek \u00f6nmagunkban, mi\u00e9rt [&hellip;]<\/p>\n","protected":false},"author":3,"featured_media":1082,"comment_status":"open","ping_status":"closed","sticky":false,"template":"","format":"standard","meta":{"_monsterinsights_skip_tracking":false,"_monsterinsights_sitenote_active":false,"_monsterinsights_sitenote_note":"","_monsterinsights_sitenote_category":0},"categories":[14],"tags":[],"_links":{"self":[{"href":"http:\/\/mellettedvagyok.hu\/index.php\/wp-json\/wp\/v2\/posts\/1081"}],"collection":[{"href":"http:\/\/mellettedvagyok.hu\/index.php\/wp-json\/wp\/v2\/posts"}],"about":[{"href":"http:\/\/mellettedvagyok.hu\/index.php\/wp-json\/wp\/v2\/types\/post"}],"author":[{"embeddable":true,"href":"http:\/\/mellettedvagyok.hu\/index.php\/wp-json\/wp\/v2\/users\/3"}],"replies":[{"embeddable":true,"href":"http:\/\/mellettedvagyok.hu\/index.php\/wp-json\/wp\/v2\/comments?post=1081"}],"version-history":[{"count":3,"href":"http:\/\/mellettedvagyok.hu\/index.php\/wp-json\/wp\/v2\/posts\/1081\/revisions"}],"predecessor-version":[{"id":1085,"href":"http:\/\/mellettedvagyok.hu\/index.php\/wp-json\/wp\/v2\/posts\/1081\/revisions\/1085"}],"wp:featuredmedia":[{"embeddable":true,"href":"http:\/\/mellettedvagyok.hu\/index.php\/wp-json\/wp\/v2\/media\/1082"}],"wp:attachment":[{"href":"http:\/\/mellettedvagyok.hu\/index.php\/wp-json\/wp\/v2\/media?parent=1081"}],"wp:term":[{"taxonomy":"category","embeddable":true,"href":"http:\/\/mellettedvagyok.hu\/index.php\/wp-json\/wp\/v2\/categories?post=1081"},{"taxonomy":"post_tag","embeddable":true,"href":"http:\/\/mellettedvagyok.hu\/index.php\/wp-json\/wp\/v2\/tags?post=1081"}],"curies":[{"name":"wp","href":"https:\/\/api.w.org\/{rel}","templated":true}]}}